{"id":993,"date":"2024-07-27T18:24:20","date_gmt":"2024-07-27T15:24:20","guid":{"rendered":"https:\/\/www.sumpizmir.org\/tr\/?p=993"},"modified":"2024-07-30T18:25:25","modified_gmt":"2024-07-30T15:25:25","slug":"hedef-belirleme-teknik-calistayi","status":"publish","type":"post","link":"https:\/\/www.sumpizmir.org\/tr\/2024\/07\/27\/hedef-belirleme-teknik-calistayi\/","title":{"rendered":"Hedef Belirleme Teknik \u00c7al\u0131\u015ftay\u0131"},"content":{"rendered":"<p>Hedef Belirleme Teknik \u00c7al\u0131\u015ftay\u0131, SKUp \u0130zmir Birimler Aras\u0131 \u00c7al\u0131\u015fma Grubu \u00fcyelerinin geni\u015f kat\u0131l\u0131m\u0131 ve derinlemesine tart\u0131\u015fmalarla ba\u015far\u0131l\u0131 bir \u015fekilde ger\u00e7ekle\u015ftirildi. Kat\u0131l\u0131mc\u0131lar \u0130zmir&#8217;in ama\u00e7lar\u0131n\u0131 \u00f6nceliklendirerek bu ama\u00e7lar i\u00e7in potansiyel hareketlilik g\u00f6stergelerini de\u011ferlendirdi, mevcut durum de\u011ferlerini do\u011frulad\u0131 ve potansiyel hedef de\u011ferleri belirledi. Bu i\u015fbirlik\u00e7i \u00e7al\u0131\u015fma, \u0130zmir&#8217;in gelecekteki kentsel hareketlili\u011fine y\u00f6nelik ama\u00e7lar\u0131n do\u011frulanmas\u0131 i\u00e7in gelecekteki s\u00fcrecin ana hatlar\u0131n\u0131 belirlemeyi ama\u00e7l\u0131yor.<\/p>\n<p>T\u00fcm kat\u0131l\u0131mc\u0131lara aktif katk\u0131lar\u0131 i\u00e7in \u00e7ok te\u015fekk\u00fcr ederiz! \u00d6n\u00fcm\u00fczdeki \u00e7al\u0131\u015ftaylarda da bu geli\u015fimi s\u00fcrd\u00fcrmek i\u00e7in heyecan duyuyoruz.<\/p>\n","protected":false},"excerpt":{"rendered":"<p>Hedef Belirleme Teknik \u00c7al\u0131\u015ftay\u0131, SKUp \u0130zmir Birimler Aras\u0131 \u00c7al\u0131\u015fma Grubu \u00fcyelerinin geni\u015f kat\u0131l\u0131m\u0131 ve derinlemesine tart\u0131\u015fmalarla ba\u015far\u0131l\u0131 bir \u015fekilde ger\u00e7ekle\u015ftirildi. Kat\u0131l\u0131mc\u0131lar \u0130zmir&#8217;in ama\u00e7lar\u0131n\u0131 \u00f6nceliklendirerek bu ama\u00e7lar i\u00e7in potansiyel hareketlilik g\u00f6stergelerini de\u011ferlendirdi, mevcut durum de\u011ferlerini do\u011frulad\u0131 ve potansiyel hedef de\u011ferleri belirledi. Bu i\u015fbirlik\u00e7i \u00e7al\u0131\u015fma, \u0130zmir&#8217;in gelecekteki kentsel hareketlili\u011fine y\u00f6nelik ama\u00e7lar\u0131n do\u011frulanmas\u0131 i\u00e7in gelecekteki s\u00fcrecin ana hatlar\u0131n\u0131 belirlemeyi ama\u00e7l\u0131yor. T\u00fcm kat\u0131l\u0131mc\u0131lara aktif katk\u0131lar\u0131 i\u00e7in \u00e7ok te\u015fekk\u00fcr ederiz! \u00d6n\u00fcm\u00fczdeki \u00e7al\u0131\u015ftaylarda da bu geli\u015fimi[&hellip;]<\/p>\n","protected":false},"author":1,"featured_media":994,"comment_status":"closed","ping_status":"open","sticky":false,"template":"","format":"standard","meta":{"_acf_changed":false,"footnotes":""},"categories":[1],"tags":[],"class_list":["post-993","post","type-post","status-publish","format-standard","has-post-thumbnail","hentry","category-skup-izmir"],"acf":[],"_links":{"self":[{"href":"https:\/\/www.sumpizmir.org\/tr\/wp-json\/wp\/v2\/posts\/993","targetHints":{"allow":["GET"]}}],"collection":[{"href":"https:\/\/www.sumpizmir.org\/tr\/wp-json\/wp\/v2\/posts"}],"about":[{"href":"https:\/\/www.sumpizmir.org\/tr\/wp-json\/wp\/v2\/types\/post"}],"author":[{"embeddable":true,"href":"https:\/\/www.sumpizmir.org\/tr\/wp-json\/wp\/v2\/users\/1"}],"replies":[{"embeddable":true,"href":"https:\/\/www.sumpizmir.org\/tr\/wp-json\/wp\/v2\/comments?post=993"}],"version-history":[{"count":1,"href":"https:\/\/www.sumpizmir.org\/tr\/wp-json\/wp\/v2\/posts\/993\/revisions"}],"predecessor-version":[{"id":995,"href":"https:\/\/www.sumpizmir.org\/tr\/wp-json\/wp\/v2\/posts\/993\/revisions\/995"}],"wp:featuredmedia":[{"embeddable":true,"href":"https:\/\/www.sumpizmir.org\/tr\/wp-json\/wp\/v2\/media\/994"}],"wp:attachment":[{"href":"https:\/\/www.sumpizmir.org\/tr\/wp-json\/wp\/v2\/media?parent=993"}],"wp:term":[{"taxonomy":"category","embeddable":true,"href":"https:\/\/www.sumpizmir.org\/tr\/wp-json\/wp\/v2\/categories?post=993"},{"taxonomy":"post_tag","embeddable":true,"href":"https:\/\/www.sumpizmir.org\/tr\/wp-json\/wp\/v2\/tags?post=993"}],"curies":[{"name":"wp","href":"https:\/\/api.w.org\/{rel}","templated":true}]}}