{"id":468,"date":"2024-01-24T15:13:05","date_gmt":"2024-01-24T12:13:05","guid":{"rendered":"https:\/\/www.sumpizmir.org\/tr\/?p=468"},"modified":"2024-05-30T16:46:39","modified_gmt":"2024-05-30T13:46:39","slug":"elektrik-destekli-akilli-bisiklet-paylasim-sistemi-hizmete-basladi","status":"publish","type":"post","link":"https:\/\/www.sumpizmir.org\/tr\/2024\/01\/24\/elektrik-destekli-akilli-bisiklet-paylasim-sistemi-hizmete-basladi\/","title":{"rendered":"Elektrik Destekli Ak\u0131ll\u0131 Bisiklet Payla\u015f\u0131m Sistemi Hizmete Ba\u015flad\u0131"},"content":{"rendered":"<div class=\"xdj266r x11i5rnm xat24cr x1mh8g0r x1vvkbs x126k92a\">\n<div dir=\"auto\">Daha az eforla daha uzun mesafe!<\/div>\n<div dir=\"auto\"><\/div>\n<\/div>\n<div class=\"x11i5rnm xat24cr x1mh8g0r x1vvkbs xtlvy1s x126k92a\">\n<div dir=\"auto\">\u0130zmir\u2019in elektrikli bisiklet payla\u015f\u0131m sistemi olan &#8216;Tripy&#8217;, 22 Ocak 2024 tarihinde B\u00fcy\u00fck\u015fehir Belediye Ba\u015fkan\u0131 Tun\u00e7 Soyer ve Ula\u015f\u0131m Daire Ba\u015fkan\u0131 Kadir Efe Oru\u00e7&#8217;un kat\u0131l\u0131m\u0131yla ger\u00e7ekle\u015fen lansmanda \u0130zmir halk\u0131na tan\u0131t\u0131ld\u0131.<\/div>\n<\/div>\n<div class=\"x11i5rnm xat24cr x1mh8g0r x1vvkbs xtlvy1s x126k92a\">\n<div dir=\"auto\">Ba\u015fkan Tun\u00e7 Soyer, &#8216;Kent i\u00e7i g\u00fcnl\u00fck ula\u015f\u0131mda bir devrim niteli\u011findeki bu sistemle, \u0130zmir&#8217;in bug\u00fcn\u00fcne ve yar\u0131n\u0131na iz b\u0131rak\u0131yoruz&#8217; \u015feklinde konu\u015ftu.<\/div>\n<div dir=\"auto\"><\/div>\n<\/div>\n<div class=\"x11i5rnm xat24cr x1mh8g0r x1vvkbs xtlvy1s x126k92a\">\n<div dir=\"auto\">Bu yeni alternatif kent i\u00e7i ula\u015f\u0131ma y\u00f6nelik bir \u00e7\u00f6z\u00fcm olarak, iklim krizini ve kurakl\u0131\u011f\u0131 a\u015fmak amac\u0131yla s\u00fcrd\u00fcr\u00fclebilir ve \u00e7evreci bir yakla\u015f\u0131mla sunuluyor. Kentlilerin daha uzun mesafeli g\u00fcnl\u00fck ula\u015f\u0131m ihtiya\u00e7lar\u0131n\u0131, daha az efor sarf ederek bisikletle daha rahat kar\u015f\u0131lamas\u0131n\u0131 sa\u011flayarak \u0130zmir\u2019de ula\u015f\u0131m\u0131n \u00e7ehresinin de\u011fi\u015fmesi hedefleniyor.<\/div>\n<div dir=\"auto\"><img decoding=\"async\" class=\"aligncenter wp-image-469 size-large\" src=\"http:\/\/www.sumpizmir.org\/tr\/wp-content\/uploads\/2024\/05\/417396478_345423548322624_1197143552821738136_n-1024x768.jpg\" alt=\"\" width=\"847\" height=\"635\" srcset=\"https:\/\/www.sumpizmir.org\/tr\/wp-content\/uploads\/2024\/05\/417396478_345423548322624_1197143552821738136_n-1024x768.jpg 1024w, https:\/\/www.sumpizmir.org\/tr\/wp-content\/uploads\/2024\/05\/417396478_345423548322624_1197143552821738136_n-300x225.jpg 300w, https:\/\/www.sumpizmir.org\/tr\/wp-content\/uploads\/2024\/05\/417396478_345423548322624_1197143552821738136_n-768x576.jpg 768w, https:\/\/www.sumpizmir.org\/tr\/wp-content\/uploads\/2024\/05\/417396478_345423548322624_1197143552821738136_n-1536x1152.jpg 1536w, https:\/\/www.sumpizmir.org\/tr\/wp-content\/uploads\/2024\/05\/417396478_345423548322624_1197143552821738136_n-770x578.jpg 770w, https:\/\/www.sumpizmir.org\/tr\/wp-content\/uploads\/2024\/05\/417396478_345423548322624_1197143552821738136_n.jpg 2048w\" sizes=\"(max-width: 847px) 100vw, 847px\" \/><\/div>\n<\/div>\n","protected":false},"excerpt":{"rendered":"<p>Daha az eforla daha uzun mesafe! \u0130zmir\u2019in elektrikli bisiklet payla\u015f\u0131m sistemi olan &#8216;Tripy&#8217;, 22 Ocak 2024 tarihinde B\u00fcy\u00fck\u015fehir Belediye Ba\u015fkan\u0131 Tun\u00e7 Soyer ve Ula\u015f\u0131m Daire Ba\u015fkan\u0131 Kadir Efe Oru\u00e7&#8217;un kat\u0131l\u0131m\u0131yla ger\u00e7ekle\u015fen lansmanda \u0130zmir halk\u0131na tan\u0131t\u0131ld\u0131. Ba\u015fkan Tun\u00e7 Soyer, &#8216;Kent i\u00e7i g\u00fcnl\u00fck ula\u015f\u0131mda bir devrim niteli\u011findeki bu sistemle, \u0130zmir&#8217;in bug\u00fcn\u00fcne ve yar\u0131n\u0131na iz b\u0131rak\u0131yoruz&#8217; \u015feklinde konu\u015ftu. Bu yeni alternatif kent i\u00e7i ula\u015f\u0131ma y\u00f6nelik bir \u00e7\u00f6z\u00fcm olarak, iklim krizini ve kurakl\u0131\u011f\u0131 a\u015fmak[&hellip;]<\/p>\n","protected":false},"author":1,"featured_media":470,"comment_status":"closed","ping_status":"open","sticky":false,"template":"","format":"standard","meta":{"_acf_changed":false,"footnotes":""},"categories":[1],"tags":[],"class_list":["post-468","post","type-post","status-publish","format-standard","has-post-thumbnail","hentry","category-skup-izmir"],"acf":[],"_links":{"self":[{"href":"https:\/\/www.sumpizmir.org\/tr\/wp-json\/wp\/v2\/posts\/468","targetHints":{"allow":["GET"]}}],"collection":[{"href":"https:\/\/www.sumpizmir.org\/tr\/wp-json\/wp\/v2\/posts"}],"about":[{"href":"https:\/\/www.sumpizmir.org\/tr\/wp-json\/wp\/v2\/types\/post"}],"author":[{"embeddable":true,"href":"https:\/\/www.sumpizmir.org\/tr\/wp-json\/wp\/v2\/users\/1"}],"replies":[{"embeddable":true,"href":"https:\/\/www.sumpizmir.org\/tr\/wp-json\/wp\/v2\/comments?post=468"}],"version-history":[{"count":2,"href":"https:\/\/www.sumpizmir.org\/tr\/wp-json\/wp\/v2\/posts\/468\/revisions"}],"predecessor-version":[{"id":972,"href":"https:\/\/www.sumpizmir.org\/tr\/wp-json\/wp\/v2\/posts\/468\/revisions\/972"}],"wp:featuredmedia":[{"embeddable":true,"href":"https:\/\/www.sumpizmir.org\/tr\/wp-json\/wp\/v2\/media\/470"}],"wp:attachment":[{"href":"https:\/\/www.sumpizmir.org\/tr\/wp-json\/wp\/v2\/media?parent=468"}],"wp:term":[{"taxonomy":"category","embeddable":true,"href":"https:\/\/www.sumpizmir.org\/tr\/wp-json\/wp\/v2\/categories?post=468"},{"taxonomy":"post_tag","embeddable":true,"href":"https:\/\/www.sumpizmir.org\/tr\/wp-json\/wp\/v2\/tags?post=468"}],"curies":[{"name":"wp","href":"https:\/\/api.w.org\/{rel}","templated":true}]}}