{"id":464,"date":"2024-01-26T15:11:31","date_gmt":"2024-01-26T12:11:31","guid":{"rendered":"https:\/\/www.sumpizmir.org\/tr\/?p=464"},"modified":"2024-05-10T15:11:57","modified_gmt":"2024-05-10T12:11:57","slug":"mavi-ve-yesil-koridorlar-egitimi","status":"publish","type":"post","link":"https:\/\/www.sumpizmir.org\/tr\/2024\/01\/26\/mavi-ve-yesil-koridorlar-egitimi\/","title":{"rendered":"Mavi ve Ye\u015fil Koridorlar E\u011fitimi"},"content":{"rendered":"<div class=\"xdj266r x11i5rnm xat24cr x1mh8g0r x1vvkbs x126k92a\">\n<div dir=\"auto\">2023\u2019\u00fcn son SKUP E\u011fitimlerinden biri, Mavi ve Ye\u015fil Koridorlar \u00fczerine odaklanm\u0131\u015ft\u0131. Dr. Ralf Brand ile bir g\u00fcn \u00e7evrimi\u00e7i, iki g\u00fcn ise y\u00fcz-y\u00fcze ger\u00e7ekle\u015ftirilen bu e\u011fitim, \u0130zmir\u2019de do\u011fa temelli hareketlilik planlamas\u0131n\u0131 ele almaktad\u0131r. Temel d\u00fc\u015f\u00fcnce, daha ye\u015fil bir \u015fehrin aktif hareketlili\u011fi daha cazip hale getirdi\u011fi ve \u015fehri daha diren\u00e7li k\u0131ld\u0131\u011f\u0131 y\u00f6n\u00fcndedir.<\/div>\n<div dir=\"auto\"><\/div>\n<\/div>\n<div class=\"x11i5rnm xat24cr x1mh8g0r x1vvkbs xtlvy1s x126k92a\">\n<div dir=\"auto\">\u0130klim adaptasyonunun \u00f6nem kazand\u0131\u011f\u0131 bir d\u00f6nemde, ula\u015f\u0131ma ayr\u0131lan alan\u0131n daha y\u00fcksek s\u0131cakl\u0131klara ve daha fazla ya\u011f\u0131\u015fa dayan\u0131kl\u0131 olmas\u0131 gereklidir. E\u011fitimde kat\u0131l\u0131mc\u0131lar, do\u011fa temelli kavramlar\u0131 (\u00f6rne\u011fin s\u00fcnger \u015fehir) nas\u0131l uygulayacaklar\u0131n\u0131 ve bu kavramlar\u0131n mahalleleri ve sokaklar\u0131 nas\u0131l d\u00f6n\u00fc\u015ft\u00fcrebilece\u011fini \u00f6\u011frenmi\u015flerdir. E\u011fitime Ula\u015f\u0131m Planlama, Engelsiz \u0130zmir, \u0130ZSU ve Park ve Bah\u00e7eler gibi 12 farkl\u0131 birimden 30 personel kat\u0131l\u0131m g\u00f6stermi\u015ftir.<\/div>\n<\/div>\n<div dir=\"auto\"><\/div>\n<div dir=\"auto\"><\/div>\n<div class=\"x11i5rnm xat24cr x1mh8g0r x1vvkbs xtlvy1s x126k92a\">\n<div dir=\"auto\">SKUp \u0130zmir projesi kapsam\u0131nda y\u00fcr\u00fct\u00fclen 18 Kapasite Geli\u015ftirme E\u011fitiminin alt\u0131nc\u0131s\u0131 olan bu E\u011fitimin \u00f6nemli bir y\u00f6n\u00fc, sokak d\u00f6n\u00fc\u015f\u00fcmlerini yapay zeka taraf\u0131ndan olu\u015fturulan g\u00f6rseller gibi uygulamalar kullanarak nas\u0131l halka etkili bir \u015fekilde iletebilece\u011fimizdi.<\/div>\n<\/div>\n","protected":false},"excerpt":{"rendered":"<p>2023\u2019\u00fcn son SKUP E\u011fitimlerinden biri, Mavi ve Ye\u015fil Koridorlar \u00fczerine odaklanm\u0131\u015ft\u0131. Dr. Ralf Brand ile bir g\u00fcn \u00e7evrimi\u00e7i, iki g\u00fcn ise y\u00fcz-y\u00fcze ger\u00e7ekle\u015ftirilen bu e\u011fitim, \u0130zmir\u2019de do\u011fa temelli hareketlilik planlamas\u0131n\u0131 ele almaktad\u0131r. Temel d\u00fc\u015f\u00fcnce, daha ye\u015fil bir \u015fehrin aktif hareketlili\u011fi daha cazip hale getirdi\u011fi ve \u015fehri daha diren\u00e7li k\u0131ld\u0131\u011f\u0131 y\u00f6n\u00fcndedir. \u0130klim adaptasyonunun \u00f6nem kazand\u0131\u011f\u0131 bir d\u00f6nemde, ula\u015f\u0131ma ayr\u0131lan alan\u0131n daha y\u00fcksek s\u0131cakl\u0131klara ve daha fazla ya\u011f\u0131\u015fa dayan\u0131kl\u0131 olmas\u0131 gereklidir. E\u011fitimde[&hellip;]<\/p>\n","protected":false},"author":1,"featured_media":465,"comment_status":"closed","ping_status":"open","sticky":false,"template":"","format":"image","meta":{"_acf_changed":false,"footnotes":""},"categories":[1],"tags":[],"class_list":["post-464","post","type-post","status-publish","format-image","has-post-thumbnail","hentry","category-skup-izmir","post_format-post-format-image"],"acf":[],"_links":{"self":[{"href":"https:\/\/www.sumpizmir.org\/tr\/wp-json\/wp\/v2\/posts\/464","targetHints":{"allow":["GET"]}}],"collection":[{"href":"https:\/\/www.sumpizmir.org\/tr\/wp-json\/wp\/v2\/posts"}],"about":[{"href":"https:\/\/www.sumpizmir.org\/tr\/wp-json\/wp\/v2\/types\/post"}],"author":[{"embeddable":true,"href":"https:\/\/www.sumpizmir.org\/tr\/wp-json\/wp\/v2\/users\/1"}],"replies":[{"embeddable":true,"href":"https:\/\/www.sumpizmir.org\/tr\/wp-json\/wp\/v2\/comments?post=464"}],"version-history":[{"count":1,"href":"https:\/\/www.sumpizmir.org\/tr\/wp-json\/wp\/v2\/posts\/464\/revisions"}],"predecessor-version":[{"id":467,"href":"https:\/\/www.sumpizmir.org\/tr\/wp-json\/wp\/v2\/posts\/464\/revisions\/467"}],"wp:featuredmedia":[{"embeddable":true,"href":"https:\/\/www.sumpizmir.org\/tr\/wp-json\/wp\/v2\/media\/465"}],"wp:attachment":[{"href":"https:\/\/www.sumpizmir.org\/tr\/wp-json\/wp\/v2\/media?parent=464"}],"wp:term":[{"taxonomy":"category","embeddable":true,"href":"https:\/\/www.sumpizmir.org\/tr\/wp-json\/wp\/v2\/categories?post=464"},{"taxonomy":"post_tag","embeddable":true,"href":"https:\/\/www.sumpizmir.org\/tr\/wp-json\/wp\/v2\/tags?post=464"}],"curies":[{"name":"wp","href":"https:\/\/api.w.org\/{rel}","templated":true}]}}