{"id":457,"date":"2024-05-08T14:39:25","date_gmt":"2024-05-08T11:39:25","guid":{"rendered":"https:\/\/www.sumpizmir.org\/tr\/?p=457"},"modified":"2024-05-10T15:03:42","modified_gmt":"2024-05-10T12:03:42","slug":"tra-dublinde-skup-izmir","status":"publish","type":"post","link":"https:\/\/www.sumpizmir.org\/tr\/2024\/05\/08\/tra-dublinde-skup-izmir\/","title":{"rendered":"TRA Dublin\u2019de SKUp \u0130zmir"},"content":{"rendered":"<p>SKUp \u0130zmir, Dublin\u2019de d\u00fczenlenen Transport Research Arena\u2019da (TRA) tan\u0131t\u0131ld\u0131. Kentsel Hareketlilik Dan\u0131\u015fman\u0131 Geert Koops taraf\u0131ndan yap\u0131lan sunumda proje k\u0131saca tan\u0131t\u0131ld\u0131ktan sonra proje kapsam\u0131ndaki vatanda\u015f kat\u0131l\u0131m\u0131 noktas\u0131na odaklan\u0131ld\u0131. SKUp\u2019lar\u0131 sokaklara ta\u015f\u0131ma fikri uluslararas\u0131 kat\u0131l\u0131mc\u0131lara \u00f6rnek olarak sunuldu. \u00c7o\u011fu zaman kat\u0131l\u0131m g\u00f6steren kitlelerin \u00f6tesindeki vatanda\u015flara yakla\u015fman\u0131n yenilik\u00e7i yolu, bu fikri bir g\u00fcn kendi \u015fehirlerine de aktarabilecek bir\u00e7ok politika yap\u0131c\u0131n\u0131n dikkatini \u00e7ekti.<\/p>\n","protected":false},"excerpt":{"rendered":"<p>SKUp \u0130zmir, Dublin\u2019de d\u00fczenlenen Transport Research Arena\u2019da (TRA) tan\u0131t\u0131ld\u0131. Kentsel Hareketlilik Dan\u0131\u015fman\u0131 Geert Koops taraf\u0131ndan yap\u0131lan sunumda proje k\u0131saca tan\u0131t\u0131ld\u0131ktan sonra proje kapsam\u0131ndaki vatanda\u015f kat\u0131l\u0131m\u0131 noktas\u0131na odaklan\u0131ld\u0131. SKUp\u2019lar\u0131 sokaklara ta\u015f\u0131ma fikri uluslararas\u0131 kat\u0131l\u0131mc\u0131lara \u00f6rnek olarak sunuldu. \u00c7o\u011fu zaman kat\u0131l\u0131m g\u00f6steren kitlelerin \u00f6tesindeki vatanda\u015flara yakla\u015fman\u0131n yenilik\u00e7i yolu, bu fikri bir g\u00fcn kendi \u015fehirlerine de aktarabilecek bir\u00e7ok politika yap\u0131c\u0131n\u0131n dikkatini \u00e7ekti.<\/p>\n","protected":false},"author":1,"featured_media":458,"comment_status":"closed","ping_status":"open","sticky":false,"template":"","format":"standard","meta":{"_acf_changed":false,"footnotes":""},"categories":[1],"tags":[],"class_list":["post-457","post","type-post","status-publish","format-standard","has-post-thumbnail","hentry","category-skup-izmir"],"acf":[],"_links":{"self":[{"href":"https:\/\/www.sumpizmir.org\/tr\/wp-json\/wp\/v2\/posts\/457","targetHints":{"allow":["GET"]}}],"collection":[{"href":"https:\/\/www.sumpizmir.org\/tr\/wp-json\/wp\/v2\/posts"}],"about":[{"href":"https:\/\/www.sumpizmir.org\/tr\/wp-json\/wp\/v2\/types\/post"}],"author":[{"embeddable":true,"href":"https:\/\/www.sumpizmir.org\/tr\/wp-json\/wp\/v2\/users\/1"}],"replies":[{"embeddable":true,"href":"https:\/\/www.sumpizmir.org\/tr\/wp-json\/wp\/v2\/comments?post=457"}],"version-history":[{"count":1,"href":"https:\/\/www.sumpizmir.org\/tr\/wp-json\/wp\/v2\/posts\/457\/revisions"}],"predecessor-version":[{"id":459,"href":"https:\/\/www.sumpizmir.org\/tr\/wp-json\/wp\/v2\/posts\/457\/revisions\/459"}],"wp:featuredmedia":[{"embeddable":true,"href":"https:\/\/www.sumpizmir.org\/tr\/wp-json\/wp\/v2\/media\/458"}],"wp:attachment":[{"href":"https:\/\/www.sumpizmir.org\/tr\/wp-json\/wp\/v2\/media?parent=457"}],"wp:term":[{"taxonomy":"category","embeddable":true,"href":"https:\/\/www.sumpizmir.org\/tr\/wp-json\/wp\/v2\/categories?post=457"},{"taxonomy":"post_tag","embeddable":true,"href":"https:\/\/www.sumpizmir.org\/tr\/wp-json\/wp\/v2\/tags?post=457"}],"curies":[{"name":"wp","href":"https:\/\/api.w.org\/{rel}","templated":true}]}}