{"id":359,"date":"2023-11-23T17:21:56","date_gmt":"2023-11-23T14:21:56","guid":{"rendered":"https:\/\/www.sumpizmir.org\/tr\/?p=359"},"modified":"2024-04-05T17:24:13","modified_gmt":"2024-04-05T14:24:13","slug":"sump-izmir-genc-bursiyerlerini-ariyor","status":"publish","type":"post","link":"https:\/\/www.sumpizmir.org\/tr\/2023\/11\/23\/sump-izmir-genc-bursiyerlerini-ariyor\/","title":{"rendered":"SUMP \u0130zmir Gen\u00e7 Bursiyerlerini Ar\u0131yor"},"content":{"rendered":"<p>\u0130zmir B\u00fcy\u00fck\u015fehir Belediyesi, s\u00fcrd\u00fcr\u00fclebilir bir ula\u015f\u0131m ve 2050\u2019de s\u0131f\u0131r karbon hedefiyle Avrupa Birli\u011fi\u2019yle y\u00fcr\u00fctt\u00fc\u011f\u00fc SUMP \u0130zmir projesi kapsam\u0131nda 8 \u00fcniversite \u00f6\u011frencisine burs verecek. \u201cGen\u00e7 El\u00e7iler\u201d ad\u0131 verilen burslar i\u00e7in son ba\u015fvuru tarihi 27 Kas\u0131m olarak belirlendi.<\/p>\n<p>\u0130zmir B\u00fcy\u00fck\u015fehir Belediyesi\u2019nin Avrupa Birli\u011fi (AB) ile y\u00fcr\u00fctt\u00fc\u011f\u00fc \u0130zmir S\u00fcrd\u00fcr\u00fclebilir Kentsel Hareketlilik Plan\u0131 kapsam\u0131nda s\u00fcrd\u00fcr\u00fclebilir ula\u015f\u0131ma katk\u0131 sa\u011flayacak \u00fcniversite \u00f6\u011frencilerine proje bursu verecek. \u0130zmir B\u00fcy\u00fck\u015fehir Belediyesi Ula\u015f\u0131m Dairesi Ba\u015fkanl\u0131\u011f\u0131 taraf\u0131ndan y\u00fcr\u00fct\u00fclen SUMP \u0130zmir projesinin, gen\u00e7 nesil taraf\u0131ndan benimsenmesi, gen\u00e7lerin s\u00fcrd\u00fcr\u00fclebilir ula\u015f\u0131m al\u0131\u015fkanl\u0131klar\u0131 amac\u0131yla kriterlere uygun bulunan 8 \u00fcniversite \u00f6\u011frencisi burs almaya hak kazanacak. 1 Aral\u0131k 2023 tarihinde ba\u015flayacak burslar 6 ay s\u00fcreli olacak.<\/p>\n<p><strong>S\u00fcrd\u00fcr\u00fclebilir gelece\u011fe katk\u0131 sa\u011flayacak<\/strong><br \/>\nS\u00f6z konusu bursiyerler proje kapsam\u0131nda, \u0130ZQ binas\u0131nda haftada bir kere proje \u00e7al\u0131\u015fmalar\u0131na dahil olmak, \u00fcniversitelerde SUMP\u0130zmir tan\u0131t\u0131m\u0131 ve bilgilendirme \u00e7al\u0131\u015fmalar\u0131n\u0131 tasarlamak ve y\u00fcr\u00fctmek, vatanda\u015f bilgilendirme etkinliklerinde g\u00f6rev almak, yap\u0131lan \u00e7al\u0131\u015fmalarla ilgili ayl\u0131k ilerleme raporlar\u0131n\u0131 olu\u015fturmak, proje \u00e7al\u0131\u015fmalar\u0131 kapsam\u0131nda idarece belirlenecek konular \u00fczerine ara\u015ft\u0131rma yapmak ve raporlamak ile sorumlu tutulacak.<\/p>\n<p><img decoding=\"async\" class=\"aligncenter size-medium wp-image-361\" src=\"http:\/\/www.sumpizmir.org\/tr\/wp-content\/uploads\/2024\/04\/23112023_93441_1-300x200.jpg\" alt=\"\" width=\"300\" height=\"200\" srcset=\"https:\/\/www.sumpizmir.org\/tr\/wp-content\/uploads\/2024\/04\/23112023_93441_1-300x200.jpg 300w, https:\/\/www.sumpizmir.org\/tr\/wp-content\/uploads\/2024\/04\/23112023_93441_1-1024x682.jpg 1024w, https:\/\/www.sumpizmir.org\/tr\/wp-content\/uploads\/2024\/04\/23112023_93441_1-768x512.jpg 768w, https:\/\/www.sumpizmir.org\/tr\/wp-content\/uploads\/2024\/04\/23112023_93441_1-1536x1023.jpg 1536w, https:\/\/www.sumpizmir.org\/tr\/wp-content\/uploads\/2024\/04\/23112023_93441_1-770x513.jpg 770w, https:\/\/www.sumpizmir.org\/tr\/wp-content\/uploads\/2024\/04\/23112023_93441_1.jpg 1600w\" sizes=\"(max-width: 300px) 100vw, 300px\" \/><\/p>\n<p><strong>Son ba\u015fvuru tarihi 27 Kas\u0131m<\/strong><br \/>\nG\u00f6revlendirilecek bursiyerler, \u0130zmir&#8217;de bulunan \u00fcniversitelerin mimarl\u0131k, \u015fehir ve b\u00f6lge planlama, end\u00fcstri m\u00fchendisli\u011fi, end\u00fcstriyel tasar\u0131m ba\u015fta olmak \u00fczere projeye katk\u0131 koyabilecek farkl\u0131 uzmanl\u0131k alanlar\u0131ndan lisans veya y\u00fcksek lisans \u00f6\u011frencileri aras\u0131ndan se\u00e7ilecek.\u00a0 Ba\u015fvurular, sumpizmir@izmir.bel.tr adresine en ge\u00e7 27 Kas\u0131m 2023 Pazartesi saat 17.00&#8217;a kadar yap\u0131labilecek. Ba\u015fvuru e-postas\u0131nda g\u00fcncel \u00f6\u011frenci belgesi ve transkripti, en az 2 adet referans mektubu, projeye sunulabilecek katk\u0131ya ili\u015fkin bireysel niyet mektubu yer almas\u0131 gerekecek. Referans mektuplar\u0131n\u0131n e-posta ekine eklenmesinde sak\u0131nca bulunmazken bursiyerlerden B2-C1 seviyesinde \u0130ngilizce bilmeleri bekleniyor.<\/p>\n<p>Yap\u0131lan t\u00fcm ba\u015fvurular, SUMP \u0130zmir Proje Tak\u0131m Lideri Prof. Dr. Ashraf Hamed, \u0130zmir B\u00fcy\u00fck\u015fehir Belediyesi Ula\u015f\u0131m Dairesi Ba\u015fkan\u0131 Kadir Efe Oru\u00e7, \u0130zmir B\u00fcy\u00fck\u015fehir Belediyesi Ula\u015f\u0131m Planlama \u015eube M\u00fcd\u00fcr\u00fc Demet Bur\u00e7in Gezgin, SUMP \u0130zmir Proje Koordinat\u00f6r\u00fc Hamidreza Yazdani, \u0130zmir B\u00fcy\u00fck\u015fehir Belediyesi Ula\u015f\u0131m Planlama Birimi \u015eefi M\u00fcge Ilgaz Yolcu taraf\u0131ndan de\u011ferlendirilecek.<\/p>\n","protected":false},"excerpt":{"rendered":"<p>\u0130zmir B\u00fcy\u00fck\u015fehir Belediyesi, s\u00fcrd\u00fcr\u00fclebilir bir ula\u015f\u0131m ve 2050\u2019de s\u0131f\u0131r karbon hedefiyle Avrupa Birli\u011fi\u2019yle y\u00fcr\u00fctt\u00fc\u011f\u00fc SUMP \u0130zmir projesi kapsam\u0131nda 8 \u00fcniversite \u00f6\u011frencisine burs verecek. \u201cGen\u00e7 El\u00e7iler\u201d ad\u0131 verilen burslar i\u00e7in son ba\u015fvuru tarihi 27 Kas\u0131m olarak belirlendi. \u0130zmir B\u00fcy\u00fck\u015fehir Belediyesi\u2019nin Avrupa Birli\u011fi (AB) ile y\u00fcr\u00fctt\u00fc\u011f\u00fc \u0130zmir S\u00fcrd\u00fcr\u00fclebilir Kentsel Hareketlilik Plan\u0131 kapsam\u0131nda s\u00fcrd\u00fcr\u00fclebilir ula\u015f\u0131ma katk\u0131 sa\u011flayacak \u00fcniversite \u00f6\u011frencilerine proje bursu verecek. \u0130zmir B\u00fcy\u00fck\u015fehir Belediyesi Ula\u015f\u0131m Dairesi Ba\u015fkanl\u0131\u011f\u0131 taraf\u0131ndan y\u00fcr\u00fct\u00fclen SUMP \u0130zmir projesinin,[&hellip;]<\/p>\n","protected":false},"author":1,"featured_media":360,"comment_status":"closed","ping_status":"open","sticky":false,"template":"","format":"standard","meta":{"_acf_changed":false,"footnotes":""},"categories":[1],"tags":[],"class_list":["post-359","post","type-post","status-publish","format-standard","has-post-thumbnail","hentry","category-skup-izmir"],"acf":[],"_links":{"self":[{"href":"https:\/\/www.sumpizmir.org\/tr\/wp-json\/wp\/v2\/posts\/359","targetHints":{"allow":["GET"]}}],"collection":[{"href":"https:\/\/www.sumpizmir.org\/tr\/wp-json\/wp\/v2\/posts"}],"about":[{"href":"https:\/\/www.sumpizmir.org\/tr\/wp-json\/wp\/v2\/types\/post"}],"author":[{"embeddable":true,"href":"https:\/\/www.sumpizmir.org\/tr\/wp-json\/wp\/v2\/users\/1"}],"replies":[{"embeddable":true,"href":"https:\/\/www.sumpizmir.org\/tr\/wp-json\/wp\/v2\/comments?post=359"}],"version-history":[{"count":1,"href":"https:\/\/www.sumpizmir.org\/tr\/wp-json\/wp\/v2\/posts\/359\/revisions"}],"predecessor-version":[{"id":362,"href":"https:\/\/www.sumpizmir.org\/tr\/wp-json\/wp\/v2\/posts\/359\/revisions\/362"}],"wp:featuredmedia":[{"embeddable":true,"href":"https:\/\/www.sumpizmir.org\/tr\/wp-json\/wp\/v2\/media\/360"}],"wp:attachment":[{"href":"https:\/\/www.sumpizmir.org\/tr\/wp-json\/wp\/v2\/media?parent=359"}],"wp:term":[{"taxonomy":"category","embeddable":true,"href":"https:\/\/www.sumpizmir.org\/tr\/wp-json\/wp\/v2\/categories?post=359"},{"taxonomy":"post_tag","embeddable":true,"href":"https:\/\/www.sumpizmir.org\/tr\/wp-json\/wp\/v2\/tags?post=359"}],"curies":[{"name":"wp","href":"https:\/\/api.w.org\/{rel}","templated":true}]}}