{"id":350,"date":"2023-06-19T17:17:36","date_gmt":"2023-06-19T14:17:36","guid":{"rendered":"https:\/\/www.sumpizmir.org\/tr\/?p=350"},"modified":"2024-04-05T17:18:47","modified_gmt":"2024-04-05T14:18:47","slug":"izmirin-gelecegi-icin-sump-izmir-sokakta","status":"publish","type":"post","link":"https:\/\/www.sumpizmir.org\/tr\/2023\/06\/19\/izmirin-gelecegi-icin-sump-izmir-sokakta\/","title":{"rendered":"\u0130zmir\u2019in Gelece\u011fi i\u00e7in \u201cSUMP \u0130zmir Sokak\u2019ta\u201d"},"content":{"rendered":"<p>\u0130zmir B\u00fcy\u00fck\u015fehir Belediyesi, kat\u0131l\u0131mc\u0131 demokrasi anlay\u0131\u015f\u0131yla s\u00fcrd\u00fcr\u00fclebilir ula\u015f\u0131m i\u00e7in yurtta\u015flarla \u0130zmir\u2019in gelece\u011fini konu\u015fuyor. 20 \u2013 23 Haziran tarihlerinde \u201cSUMP \u0130zmir Sokak\u2019ta\u201d slogan\u0131yla Buca ve Kar\u015f\u0131yaka\u2019da vatanda\u015f forumlar\u0131 d\u00fczenlenecek. K\u00fclt\u00fcrpark\u2019ta ise bir dizi fark\u0131ndal\u0131k etkinli\u011fi yap\u0131lacak.<\/p>\n<p><img decoding=\"async\" class=\"aligncenter size-medium wp-image-352\" src=\"http:\/\/www.sumpizmir.org\/tr\/wp-content\/uploads\/2024\/04\/19062023_10441_0-300x300.jpg\" alt=\"\" width=\"300\" height=\"300\" srcset=\"https:\/\/www.sumpizmir.org\/tr\/wp-content\/uploads\/2024\/04\/19062023_10441_0-300x300.jpg 300w, https:\/\/www.sumpizmir.org\/tr\/wp-content\/uploads\/2024\/04\/19062023_10441_0-1024x1024.jpg 1024w, https:\/\/www.sumpizmir.org\/tr\/wp-content\/uploads\/2024\/04\/19062023_10441_0-150x150.jpg 150w, https:\/\/www.sumpizmir.org\/tr\/wp-content\/uploads\/2024\/04\/19062023_10441_0-768x768.jpg 768w, https:\/\/www.sumpizmir.org\/tr\/wp-content\/uploads\/2024\/04\/19062023_10441_0-770x770.jpg 770w, https:\/\/www.sumpizmir.org\/tr\/wp-content\/uploads\/2024\/04\/19062023_10441_0.jpg 1080w\" sizes=\"(max-width: 300px) 100vw, 300px\" \/><\/p>\n<p>\u0130zmir B\u00fcy\u00fck\u015fehir Belediyesi\u2019nin Avrupa Birli\u011fi (AB) ile y\u00fcr\u00fctt\u00fc\u011f\u00fc \u0130zmir S\u00fcrd\u00fcr\u00fclebilir Kentsel Hareketlilik Plan\u0131 (EU Supportto \u0130zmir Sustainable Urban Mobility Plan-SUMP \u0130zmir) projesi, s\u00fcrd\u00fcr\u00fclebilir ula\u015f\u0131m hedefinde yurtta\u015flar\u0131n etkin kat\u0131l\u0131m\u0131 i\u00e7in soka\u011fa iniyor. \u0130zmir B\u00fcy\u00fck\u015fehir Belediyesi Ula\u015f\u0131m Dairesi Ba\u015fkanl\u0131\u011f\u0131\u00a0 20 \u2013 23 Haziran tarihleri aras\u0131nda \u201cSUMP \u0130zmir Sokak\u2019ta\u201d slogan\u0131yla etkinlikler d\u00fczenleyecek. Etkinliklerde s\u00fcrd\u00fcrebilir bir ula\u015f\u0131m sistemi olu\u015fturmak i\u00e7in yap\u0131lacak \u00e7al\u0131\u015fmalar ile \u0130zmir&#8217;in gelece\u011finin nas\u0131l \u015fekillenece\u011fine ili\u015fkin fikir al\u0131\u015fveri\u015finde bulunulacak.<\/p>\n<p><strong>Buca ve Kar\u015f\u0131yaka\u2019da vatanda\u015f forumlar\u0131<\/strong><br \/>\nT\u00fcm yurtta\u015flar\u0131n kat\u0131l\u0131m sa\u011flayabilece\u011fi forumlar\u0131n ilki 20 Haziran Sal\u0131 g\u00fcn\u00fc Buca Hasana\u011fa Bah\u00e7esi\u2019nde d\u00fczenlenecek. Kar\u015f\u0131yaka Vatanda\u015f Forumu ise 21 Haziran \u00c7ar\u015famba g\u00fcn\u00fc 14.00-20.00 saatleri aras\u0131nda Kar\u015f\u0131yaka Atat\u00fcrk An\u0131t\u0131\u2019n\u0131n bulundu\u011fu meydanda yap\u0131lacak.<\/p>\n<p><strong>K\u00fclt\u00fcrpark\u2019ta s\u00fcrd\u00fcr\u00fclebilir ula\u015f\u0131m i\u00e7in fark\u0131ndal\u0131k etkinlikleri<\/strong><br \/>\n\u201cSUMP \u0130zmir Sokak\u2019ta\u201d etkinlikleri kapsam\u0131nda 19 Haziran\u2019dan 23 Haziran\u2019a kadar K\u00fclt\u00fcrpark\u2019ta bir dizi fark\u0131ndal\u0131k etkinlikleri d\u00fczenlenecek. Projenin g\u00f6r\u00fcn\u00fcrl\u00fc\u011f\u00fcn\u00fc art\u0131rmak amac\u0131yla, 22 Haziran Per\u015fembe g\u00fcn\u00fc K\u00fclt\u00fcrpark i\u00e7erisinde \u00fcnl\u00fc sosyal medya fenomenleri, seyahat yazarlar\u0131 ve i\u00e7erik \u00fcreticilerinin kat\u0131l\u0131m\u0131yla fark\u0131ndal\u0131k ve moral \u00e7al\u0131\u015fmas\u0131 yap\u0131lacak. Fark\u0131ndal\u0131k \u00e7al\u0131\u015fmas\u0131 kapsam\u0131nda, otob\u00fcs-otomobil-bisiklet-skuter-yaya ula\u015f\u0131m t\u00fcrlerinin trafikte kaplad\u0131\u011f\u0131 alan ve kent i\u00e7i yolculuklarda s\u00fcrd\u00fcr\u00fclebilir ula\u015f\u0131m t\u00fcrlerinin se\u00e7ilmesi durumunda trafi\u011fin ne kadar azalaca\u011f\u0131 ve emisyon sal\u0131m\u0131n\u0131n d\u00fc\u015fece\u011fini anlatan bir \u00e7al\u0131\u015fma yap\u0131lacak. Etkinlikler kapsam\u0131nda yine K\u00fclt\u00fcrpark i\u00e7erisinde zemin boyama, bisiklet boyama gibi \u00e7ok say\u0131da etkinlik d\u00fczenlenecek.<\/p>\n","protected":false},"excerpt":{"rendered":"<p>\u0130zmir B\u00fcy\u00fck\u015fehir Belediyesi, kat\u0131l\u0131mc\u0131 demokrasi anlay\u0131\u015f\u0131yla s\u00fcrd\u00fcr\u00fclebilir ula\u015f\u0131m i\u00e7in yurtta\u015flarla \u0130zmir\u2019in gelece\u011fini konu\u015fuyor. 20 \u2013 23 Haziran tarihlerinde \u201cSUMP \u0130zmir Sokak\u2019ta\u201d slogan\u0131yla Buca ve Kar\u015f\u0131yaka\u2019da vatanda\u015f forumlar\u0131 d\u00fczenlenecek. K\u00fclt\u00fcrpark\u2019ta ise bir dizi fark\u0131ndal\u0131k etkinli\u011fi yap\u0131lacak. \u0130zmir B\u00fcy\u00fck\u015fehir Belediyesi\u2019nin Avrupa Birli\u011fi (AB) ile y\u00fcr\u00fctt\u00fc\u011f\u00fc \u0130zmir S\u00fcrd\u00fcr\u00fclebilir Kentsel Hareketlilik Plan\u0131 (EU Supportto \u0130zmir Sustainable Urban Mobility Plan-SUMP \u0130zmir) projesi, s\u00fcrd\u00fcr\u00fclebilir ula\u015f\u0131m hedefinde yurtta\u015flar\u0131n etkin kat\u0131l\u0131m\u0131 i\u00e7in soka\u011fa iniyor. \u0130zmir B\u00fcy\u00fck\u015fehir Belediyesi Ula\u015f\u0131m[&hellip;]<\/p>\n","protected":false},"author":1,"featured_media":351,"comment_status":"closed","ping_status":"open","sticky":false,"template":"","format":"standard","meta":{"_acf_changed":false,"footnotes":""},"categories":[1],"tags":[],"class_list":["post-350","post","type-post","status-publish","format-standard","has-post-thumbnail","hentry","category-skup-izmir"],"acf":[],"_links":{"self":[{"href":"https:\/\/www.sumpizmir.org\/tr\/wp-json\/wp\/v2\/posts\/350","targetHints":{"allow":["GET"]}}],"collection":[{"href":"https:\/\/www.sumpizmir.org\/tr\/wp-json\/wp\/v2\/posts"}],"about":[{"href":"https:\/\/www.sumpizmir.org\/tr\/wp-json\/wp\/v2\/types\/post"}],"author":[{"embeddable":true,"href":"https:\/\/www.sumpizmir.org\/tr\/wp-json\/wp\/v2\/users\/1"}],"replies":[{"embeddable":true,"href":"https:\/\/www.sumpizmir.org\/tr\/wp-json\/wp\/v2\/comments?post=350"}],"version-history":[{"count":1,"href":"https:\/\/www.sumpizmir.org\/tr\/wp-json\/wp\/v2\/posts\/350\/revisions"}],"predecessor-version":[{"id":353,"href":"https:\/\/www.sumpizmir.org\/tr\/wp-json\/wp\/v2\/posts\/350\/revisions\/353"}],"wp:featuredmedia":[{"embeddable":true,"href":"https:\/\/www.sumpizmir.org\/tr\/wp-json\/wp\/v2\/media\/351"}],"wp:attachment":[{"href":"https:\/\/www.sumpizmir.org\/tr\/wp-json\/wp\/v2\/media?parent=350"}],"wp:term":[{"taxonomy":"category","embeddable":true,"href":"https:\/\/www.sumpizmir.org\/tr\/wp-json\/wp\/v2\/categories?post=350"},{"taxonomy":"post_tag","embeddable":true,"href":"https:\/\/www.sumpizmir.org\/tr\/wp-json\/wp\/v2\/tags?post=350"}],"curies":[{"name":"wp","href":"https:\/\/api.w.org\/{rel}","templated":true}]}}