{"id":345,"date":"2023-04-27T17:14:28","date_gmt":"2023-04-27T14:14:28","guid":{"rendered":"https:\/\/www.sumpizmir.org\/tr\/?p=345"},"modified":"2024-05-30T16:47:40","modified_gmt":"2024-05-30T13:47:40","slug":"izmirde-surdurulebilir-gelecegin-rotasi-olusturuluyor","status":"publish","type":"post","link":"https:\/\/www.sumpizmir.org\/tr\/2023\/04\/27\/izmirde-surdurulebilir-gelecegin-rotasi-olusturuluyor\/","title":{"rendered":"\u0130zmir\u2019de S\u00fcrd\u00fcr\u00fclebilir Gelece\u011fin Rotas\u0131 Olu\u015fturuluyor"},"content":{"rendered":"<p>\u0130zmir B\u00fcy\u00fck\u015fehir Belediyesi\u2019nin Avrupa Birli\u011fi i\u015f birli\u011fiyle y\u00fcr\u00fctt\u00fc\u011f\u00fc \u0130zmir S\u00fcrd\u00fcr\u00fclebilir Kentsel Ula\u015f\u0131m Plan\u0131 (SUMP\u0130zmir) kapsam\u0131nda d\u00fczenlenen Gelece\u011fe Hareket Et Payda\u015f Kat\u0131l\u0131m \u00e7al\u0131\u015ftaylar\u0131 ba\u015flad\u0131. Gelece\u011fin s\u00fcrd\u00fcr\u00fclebilir kentini kurmak i\u00e7in ortak akl\u0131 \u00f6n plana koyan \u00e7al\u0131\u015ftay kapsam\u0131nda \u0130zmir\u2019in g\u00fcncel hareketlilik durumu analiz edildi.<\/p>\n<p><img decoding=\"async\" class=\"aligncenter wp-image-347 size-large\" src=\"http:\/\/www.sumpizmir.org\/tr\/wp-content\/uploads\/2024\/04\/27042023_115246_0-1024x740.jpg\" alt=\"\" width=\"847\" height=\"612\" srcset=\"https:\/\/www.sumpizmir.org\/tr\/wp-content\/uploads\/2024\/04\/27042023_115246_0-1024x740.jpg 1024w, https:\/\/www.sumpizmir.org\/tr\/wp-content\/uploads\/2024\/04\/27042023_115246_0-300x217.jpg 300w, https:\/\/www.sumpizmir.org\/tr\/wp-content\/uploads\/2024\/04\/27042023_115246_0-768x555.jpg 768w, https:\/\/www.sumpizmir.org\/tr\/wp-content\/uploads\/2024\/04\/27042023_115246_0-1536x1110.jpg 1536w, https:\/\/www.sumpizmir.org\/tr\/wp-content\/uploads\/2024\/04\/27042023_115246_0-770x556.jpg 770w, https:\/\/www.sumpizmir.org\/tr\/wp-content\/uploads\/2024\/04\/27042023_115246_0.jpg 1600w\" sizes=\"(max-width: 847px) 100vw, 847px\" \/><\/p>\n<p>\u0130zmir B\u00fcy\u00fck\u015fehir Belediyesi\u2019nin Avrupa Birli\u011fi (AB) ile y\u00fcr\u00fctt\u00fc\u011f\u00fc \u0130zmir S\u00fcrd\u00fcr\u00fclebilir Kentsel Hareketlilik Plan\u0131 (EU Supportto \u0130zmir Sustainable Urban Mobility Plan-SUMP \u0130zmir) kapsam\u0131ndaki \u201cGelece\u011fe Hareket Et\u201d \u00e7al\u0131\u015ftaylar\u0131, 1. Payda\u015f Kat\u0131l\u0131m \u00c7al\u0131\u015ftay\u0131 ile ba\u015flad\u0131. \u0130zQ\u0130novasyon Merkezi&#8217;nde d\u00fczenlenen \u00e7al\u0131\u015ftaya \u0130zmir B\u00fcy\u00fck\u015fehir Belediyesi Ba\u015fkan Vekili Mustafa \u00d6zuslu, \u0130zmir B\u00fcy\u00fck\u015fehir Belediyesi Ula\u015f\u0131m Dairesi Ba\u015fkan\u0131 Kadir Efe Oru\u00e7, kamu kurum ve kurulu\u015flar\u0131 ile sivil toplum kurulu\u015flar\u0131n\u0131n temsilcileri, akademisyenler, \u00f6\u011frenciler ve kurul temsilcileri kat\u0131ld\u0131.<\/p>\n<p><strong>\u201cGelece\u011fin \u0130zmir\u2019ini birlikte kuraca\u011f\u0131z\u201d<\/strong><br \/>\n\u00c7al\u0131\u015ftay\u0131n a\u00e7\u0131l\u0131\u015f konu\u015fmas\u0131n\u0131 yapan Ba\u015fkan Vekili Mustafa \u00d6zuslu, \u201c\u0130zmir\u2019i daha ya\u015fanabilir bir kent yapmak amac\u0131yla canla ba\u015fla \u00e7al\u0131\u015fan ve \u0130zmir\u2019deki insanlar\u0131n \u00f6zg\u00fcr bir \u015fekilde hareket edebilmesi i\u00e7in \u00e7al\u0131\u015fan bir ba\u015fkan\u0131m\u0131z var. SUMP\u0130zmir destek projesiyle, daha g\u00fcvenli, temiz, eri\u015filebilir ve ucuz hareketle kentteki s\u00fcrd\u00fcr\u00fclebilirli\u011fe katk\u0131 sa\u011flamay\u0131 \u00e7al\u0131\u015f\u0131yoruz. \u0130zmir\u2019in ortak ula\u015f\u0131m vizyonuna dahil edilmesi i\u00e7in \u00e7al\u0131\u015faca\u011f\u0131z. Daha iyi bir ya\u015fam kalitesi i\u00e7in \u015fehirlerdeki insanlar\u0131n hareketlilik gereksinimlerini do\u011fru de\u011ferlendirmemiz laz\u0131m. Bunun i\u00e7in vatanda\u015flar\u0131n etkin kat\u0131l\u0131m\u0131na ihtiyac\u0131m\u0131z var.\u00a0 Kamu i\u015fbirli\u011fiyle yap\u0131lacak bu i\u015fbirli\u011fi, insan odakl\u0131 olmal\u0131d\u0131r. \u015eeffaf ve ortak kat\u0131l\u0131mc\u0131 bir yakla\u015f\u0131mla gelece\u011fin \u0130zmir\u2019inin nas\u0131l olmas\u0131 gerekti\u011fini bu \u00e7al\u0131\u015ftayla g\u00f6rece\u011fiz. Kat\u0131l\u0131mc\u0131l\u0131k ve giri\u015fimcilik o kadar ihtiya\u00e7 duydu\u011fumuz bir kelime ki buna \u00e7ok ihtiyac\u0131m\u0131z var. Bir elin nesi var, iki elin sesi var. Sizlerin de\u011ferli fikirleriyle biz nas\u0131l yol alaca\u011f\u0131m\u0131z\u0131 belirleyece\u011fiz\u201d diye konu\u015ftu.<\/p>\n<p><img decoding=\"async\" class=\"aligncenter wp-image-346 size-large\" src=\"http:\/\/www.sumpizmir.org\/tr\/wp-content\/uploads\/2024\/04\/27042023_115239_0-1024x628.jpg\" alt=\"\" width=\"847\" height=\"519\" srcset=\"https:\/\/www.sumpizmir.org\/tr\/wp-content\/uploads\/2024\/04\/27042023_115239_0-1024x628.jpg 1024w, https:\/\/www.sumpizmir.org\/tr\/wp-content\/uploads\/2024\/04\/27042023_115239_0-300x184.jpg 300w, https:\/\/www.sumpizmir.org\/tr\/wp-content\/uploads\/2024\/04\/27042023_115239_0-768x471.jpg 768w, https:\/\/www.sumpizmir.org\/tr\/wp-content\/uploads\/2024\/04\/27042023_115239_0-1536x943.jpg 1536w, https:\/\/www.sumpizmir.org\/tr\/wp-content\/uploads\/2024\/04\/27042023_115239_0-770x473.jpg 770w, https:\/\/www.sumpizmir.org\/tr\/wp-content\/uploads\/2024\/04\/27042023_115239_0.jpg 1600w\" sizes=\"(max-width: 847px) 100vw, 847px\" \/><\/p>\n<p><strong>\u0130zmir\u2019in g\u00fcncel hareketlilik durumunu analiz edildi<\/strong><br \/>\nA\u00e7\u0131l\u0131\u015f konu\u015fmas\u0131n\u0131n ard\u0131ndan \u201c\u0130zmir\u2019de S\u00fcrd\u00fcr\u00fclebilir Hareketlilik\u201d ba\u015fl\u0131kl\u0131 sunum yap\u0131ld\u0131. Sunumda \u0130zmir\u2019in s\u00fcrd\u00fcr\u00fclebilir bir ula\u015f\u0131m i\u00e7in y\u00fcr\u00fctm\u00fc\u015f oldu\u011fu yat\u0131r\u0131mlar ve faaliyetler hakk\u0131nda bilgi verildi. Mevcut faaliyetlerin geli\u015ftirilmesi, yeni ula\u015f\u0131m projelerinin olu\u015fturulmas\u0131 ve y\u00fcr\u00fct\u00fclmesi gereken yol haritas\u0131 hakk\u0131nda bilgi al\u0131\u015fveri\u015fi yap\u0131ld\u0131. \u0130zmir\u2019de g\u00fcncel hareketlilik durumu analiz edildi.<br \/>\nProje kapsam\u0131nda toplamda \u00fc\u00e7 payda\u015f kat\u0131l\u0131m \u00e7al\u0131\u015ftay\u0131 ve iki vatanda\u015f bilgilendirme toplant\u0131s\u0131 yap\u0131larak payda\u015flar\u0131n ve halk\u0131n \u0130zmir Ortak Ula\u015f\u0131m Vizyonu s\u00fcrecine dahil edilmesi hedefleniyor. \u00d6n\u00fcm\u00fczdeki y\u0131l da devam edecek toplant\u0131lar\u0131n ard\u0131ndan Temmuz 2024\u2019teki kapan\u0131\u015f etkinli\u011finde \u0130zmir S\u00fcrd\u00fcr\u00fclebilir Kentsel Hareketlilik Plan\u0131 a\u00e7\u0131klanacak.<\/p>\n","protected":false},"excerpt":{"rendered":"<p>\u0130zmir B\u00fcy\u00fck\u015fehir Belediyesi\u2019nin Avrupa Birli\u011fi i\u015f birli\u011fiyle y\u00fcr\u00fctt\u00fc\u011f\u00fc \u0130zmir S\u00fcrd\u00fcr\u00fclebilir Kentsel Ula\u015f\u0131m Plan\u0131 (SUMP\u0130zmir) kapsam\u0131nda d\u00fczenlenen Gelece\u011fe Hareket Et Payda\u015f Kat\u0131l\u0131m \u00e7al\u0131\u015ftaylar\u0131 ba\u015flad\u0131. Gelece\u011fin s\u00fcrd\u00fcr\u00fclebilir kentini kurmak i\u00e7in ortak akl\u0131 \u00f6n plana koyan \u00e7al\u0131\u015ftay kapsam\u0131nda \u0130zmir\u2019in g\u00fcncel hareketlilik durumu analiz edildi. \u0130zmir B\u00fcy\u00fck\u015fehir Belediyesi\u2019nin Avrupa Birli\u011fi (AB) ile y\u00fcr\u00fctt\u00fc\u011f\u00fc \u0130zmir S\u00fcrd\u00fcr\u00fclebilir Kentsel Hareketlilik Plan\u0131 (EU Supportto \u0130zmir Sustainable Urban Mobility Plan-SUMP \u0130zmir) kapsam\u0131ndaki \u201cGelece\u011fe Hareket Et\u201d \u00e7al\u0131\u015ftaylar\u0131, 1. Payda\u015f Kat\u0131l\u0131m[&hellip;]<\/p>\n","protected":false},"author":1,"featured_media":348,"comment_status":"closed","ping_status":"open","sticky":false,"template":"","format":"standard","meta":{"_acf_changed":false,"footnotes":""},"categories":[1],"tags":[],"class_list":["post-345","post","type-post","status-publish","format-standard","has-post-thumbnail","hentry","category-skup-izmir"],"acf":[],"_links":{"self":[{"href":"https:\/\/www.sumpizmir.org\/tr\/wp-json\/wp\/v2\/posts\/345","targetHints":{"allow":["GET"]}}],"collection":[{"href":"https:\/\/www.sumpizmir.org\/tr\/wp-json\/wp\/v2\/posts"}],"about":[{"href":"https:\/\/www.sumpizmir.org\/tr\/wp-json\/wp\/v2\/types\/post"}],"author":[{"embeddable":true,"href":"https:\/\/www.sumpizmir.org\/tr\/wp-json\/wp\/v2\/users\/1"}],"replies":[{"embeddable":true,"href":"https:\/\/www.sumpizmir.org\/tr\/wp-json\/wp\/v2\/comments?post=345"}],"version-history":[{"count":2,"href":"https:\/\/www.sumpizmir.org\/tr\/wp-json\/wp\/v2\/posts\/345\/revisions"}],"predecessor-version":[{"id":973,"href":"https:\/\/www.sumpizmir.org\/tr\/wp-json\/wp\/v2\/posts\/345\/revisions\/973"}],"wp:featuredmedia":[{"embeddable":true,"href":"https:\/\/www.sumpizmir.org\/tr\/wp-json\/wp\/v2\/media\/348"}],"wp:attachment":[{"href":"https:\/\/www.sumpizmir.org\/tr\/wp-json\/wp\/v2\/media?parent=345"}],"wp:term":[{"taxonomy":"category","embeddable":true,"href":"https:\/\/www.sumpizmir.org\/tr\/wp-json\/wp\/v2\/categories?post=345"},{"taxonomy":"post_tag","embeddable":true,"href":"https:\/\/www.sumpizmir.org\/tr\/wp-json\/wp\/v2\/tags?post=345"}],"curies":[{"name":"wp","href":"https:\/\/api.w.org\/{rel}","templated":true}]}}