{"id":341,"date":"2023-04-19T17:04:24","date_gmt":"2023-04-19T14:04:24","guid":{"rendered":"https:\/\/www.sumpizmir.org\/tr\/?p=341"},"modified":"2024-05-30T16:42:19","modified_gmt":"2024-05-30T13:42:19","slug":"sump-izmir-projesi-universiteli-bursiyerlerini-buldu","status":"publish","type":"post","link":"https:\/\/www.sumpizmir.org\/tr\/2023\/04\/19\/sump-izmir-projesi-universiteli-bursiyerlerini-buldu\/","title":{"rendered":"\u201cSUMP \u0130zmir Projesi\u201d \u00dcniversiteli Bursiyerlerini Buldu"},"content":{"rendered":"<p>\u0130zmir B\u00fcy\u00fck\u015fehir Belediyesi, SUMP\/SKUp \u0130zmir Projesi kapsam\u0131nda kentsel hareketlili\u011fi art\u0131r\u0131p, do\u011fayla uyumlu ula\u015f\u0131m altyap\u0131s\u0131n\u0131 geli\u015ftirecek 10 \u00fcniversite \u00f6\u011frencisine hem burs hem de mesleki tecr\u00fcbe katacak.<\/p>\n<p>\u0130zmir B\u00fcy\u00fck\u015fehir Belediyesi\u2019nin s\u00fcrd\u00fcr\u00fclebilir bir ula\u015f\u0131m\u0131 hayata ge\u00e7irmek i\u00e7in ba\u015flatt\u0131\u011f\u0131 SUMP\/SKUp \u0130zmir Projesi\u2019nde 10\u00a0 \u00fcniversite \u00f6\u011frencisi\u00a0 SKUp \u0130zmir Proje ekibine dahil\u00a0 edilerek \u201cProje Bursiyeri\u201d olarak belirlendi. Proje \u00f6zellikle gen\u00e7lerin s\u00fcrd\u00fcr\u00fclebilir ula\u015f\u0131m al\u0131\u015fkanl\u0131klar\u0131n\u0131 verimli bir \u015fekilde de\u011fi\u015ftirmeleri ve gelece\u011fe aktarmalar\u0131 amac\u0131yla \u0130zmir B\u00fcy\u00fck\u015fehir Belediyesi\u2019nin T\u00fcrkiye-Avrupa Birli\u011fi Mali \u0130\u015fbirli\u011fi kapsam\u0131nda kazanm\u0131\u015f oldu\u011fu 3 milyon192 bin Euro\u2019luk hibeyle y\u00fcr\u00fct\u00fcl\u00fcyor. \u201cGelece\u011fe Hareket Et\u201d slogan\u0131yla y\u00fcr\u00fct\u00fclen faaliyetlerde daha iyi bir ya\u015fam kalitesi i\u00e7in hareketlilik gereksinimlerinin kar\u015f\u0131lanmas\u0131 hedefleniyor.<\/p>\n<p><strong>20 \u00fcniversiteden 65 \u00f6\u011frenci de\u011ferlendirildi<\/strong><br \/>\nProje bursu i\u00e7in \u0130zmir B\u00fcy\u00fck\u015fehir Belediyesi, Ula\u015f\u0131m Dairesi Ba\u015fkanl\u0131\u011f\u0131 kurumsal Linkedln ve SUMP\u0130zmir sosyal medya hesaplar\u0131 \u00fczerinden s\u00fcrece ili\u015fkin bilgilendirmeler yap\u0131ld\u0131. T\u00fcrkiye\u2019nin d\u00f6rt bir yan\u0131ndan 20 farkl\u0131 \u00fcniversiteden 65 lisans, y\u00fcksek lisans ve doktora \u00f6\u011frencisinin \u00f6zge\u00e7mi\u015fleri ve niyet mektuplar\u0131 topland\u0131. Ba\u015fvurular \u0130zmir B\u00fcy\u00fck\u015fehir Belediyesi Ula\u015f\u0131m Dairesi Ba\u015fkan\u0131 Kadir Efe Oru\u00e7, SUMP \u0130zmir Proje Y\u00f6neticisi Dr. \u00d6zlem Ta\u015fk\u0131n Erten, SUMP\/SKUp\u0130zmir Proje Koordinat\u00f6r\u00fc Hamidreza Yazdani, Ula\u015f\u0131m Daire Ba\u015fkanl\u0131\u011f\u0131 Hukuk Koordinat\u00f6r\u00fc Av. Utku K\u0131l\u0131n\u00e7 ve projenin m\u00fcellif konsorsiyumu (MuCosulting) taraf\u0131ndan de\u011ferlendirildi. De\u011ferlendirilmeler; mezuniyet t\u00fcr\u00fc, mezun olunan b\u00f6l\u00fcm, bilgisayar programlar\u0131 ve dil becerileri olarak d\u00f6rt kritere g\u00f6re yap\u0131ld\u0131. \u00dcniversitelerin ilgili b\u00f6l\u00fcmlerinde e\u011fitim alm\u0131\u015f veya almakta olanlar; bu alanda deneyime sahip ve\/veya ara\u015ft\u0131rma \u00e7al\u0131\u015fmas\u0131 yapm\u0131\u015f olanlar; y\u00fcksek lisans ve\/veya doktora deneyimine sahip olanlar; bir veya birden fazla yabanc\u0131 dil seviyesi iyi olanlar; niyet mektubunda mesleki vizyonunu net ifade edenler ve proje \u00e7al\u0131\u015fmalar\u0131 \u0130zmir&#8217;de y\u00fcr\u00fct\u00fclece\u011fi i\u00e7in bursiyerlik s\u00fcresince fiilen \u0130zmir&#8217;de bulunan \u00f6\u011frenciler burs program\u0131na dahil olmaya hak kazand\u0131. De\u011ferlendirmelere g\u00f6re SUMP\/SKUp \u0130zmir Projesi Gen\u00e7 Bursiyerlerinin 10 asil \u00fcyesi belirlendi.<\/p>\n<p><img decoding=\"async\" class=\"aligncenter wp-image-343 size-full\" src=\"http:\/\/www.sumpizmir.org\/tr\/wp-content\/uploads\/2024\/04\/19042023_163437_0.jpg\" alt=\"\" width=\"828\" height=\"825\" srcset=\"https:\/\/www.sumpizmir.org\/tr\/wp-content\/uploads\/2024\/04\/19042023_163437_0.jpg 828w, https:\/\/www.sumpizmir.org\/tr\/wp-content\/uploads\/2024\/04\/19042023_163437_0-300x300.jpg 300w, https:\/\/www.sumpizmir.org\/tr\/wp-content\/uploads\/2024\/04\/19042023_163437_0-150x150.jpg 150w, https:\/\/www.sumpizmir.org\/tr\/wp-content\/uploads\/2024\/04\/19042023_163437_0-768x765.jpg 768w, https:\/\/www.sumpizmir.org\/tr\/wp-content\/uploads\/2024\/04\/19042023_163437_0-770x767.jpg 770w\" sizes=\"(max-width: 828px) 100vw, 828px\" \/><\/p>\n<p><strong>Hem tecr\u00fcbe hem destek<\/strong><br \/>\nBelirlenen 10 asil \u00fcyeden 4\u2019\u00fc ara\u015ft\u0131rma ekibi, 6\u2019s\u0131 ise i\u015fbirlik\u00e7i ekip olarak belirlendi. Ara\u015ft\u0131rma ekibinde yer alacak ki\u015filer haftada bir, g\u00fcnde 8 saat proje \u00e7al\u0131\u015fmalar\u0131na dahil olarak tecr\u00fcbe kazanacak ve ayl\u0131k 3 bin 500 TL burs alacak. \u0130\u015fbirlik\u00e7i ekipte yer alan ki\u015filer ise yap\u0131lacak etkinlikler baz\u0131nda g\u00fcnl\u00fck olarak proje \u00e7al\u0131\u015fmalar\u0131na kat\u0131lacak ve her etkinlik ba\u015f\u0131na 500 TL burs alacak.<\/p>\n<p><strong>Burs kazanan \u00f6\u011frenciler<\/strong><br \/>\nSUMP\/SKUp \u0130zmir bursiyerlerinin isimleri \u015fu \u015fekilde;<br \/>\nDokuz Eyl\u00fcl \u00dcniversitesi\u2019nden Miray Aslan ve G\u00f6k\u00e7e Demircan,<br \/>\nEge \u00dcniversitesi\u2019nden Elia Odaba\u015f\u0131<br \/>\n\u0130zmir Bak\u0131r\u00e7ay \u00dcniversitesi\u2019nden Halil \u0130brahim Hatun ve Zafer Y\u0131lmaz<br \/>\n\u0130zmir Demokrasi \u00dcniversitesi\u2019nden Meryem Nalbant ve H\u00fcseyin K\u0131rc\u0131<br \/>\n\u0130zmir Katip \u00c7elebi \u00dcniversitesi\u2019nden Melisa K\u0131l\u0131\u00e7<br \/>\n\u0130zmir Y\u00fcksek Teknoloji Enstit\u00fcs\u00fc\u2019nden Fulya \u00c7ubuk\u00e7uo\u011flu ve Fahime Ebania<\/p>\n","protected":false},"excerpt":{"rendered":"<p>\u0130zmir B\u00fcy\u00fck\u015fehir Belediyesi, SUMP\/SKUp \u0130zmir Projesi kapsam\u0131nda kentsel hareketlili\u011fi art\u0131r\u0131p, do\u011fayla uyumlu ula\u015f\u0131m altyap\u0131s\u0131n\u0131 geli\u015ftirecek 10 \u00fcniversite \u00f6\u011frencisine hem burs hem de mesleki tecr\u00fcbe katacak. \u0130zmir B\u00fcy\u00fck\u015fehir Belediyesi\u2019nin s\u00fcrd\u00fcr\u00fclebilir bir ula\u015f\u0131m\u0131 hayata ge\u00e7irmek i\u00e7in ba\u015flatt\u0131\u011f\u0131 SUMP\/SKUp \u0130zmir Projesi\u2019nde 10\u00a0 \u00fcniversite \u00f6\u011frencisi\u00a0 SKUp \u0130zmir Proje ekibine dahil\u00a0 edilerek \u201cProje Bursiyeri\u201d olarak belirlendi. Proje \u00f6zellikle gen\u00e7lerin s\u00fcrd\u00fcr\u00fclebilir ula\u015f\u0131m al\u0131\u015fkanl\u0131klar\u0131n\u0131 verimli bir \u015fekilde de\u011fi\u015ftirmeleri ve gelece\u011fe aktarmalar\u0131 amac\u0131yla \u0130zmir B\u00fcy\u00fck\u015fehir Belediyesi\u2019nin T\u00fcrkiye-Avrupa Birli\u011fi[&hellip;]<\/p>\n","protected":false},"author":1,"featured_media":342,"comment_status":"closed","ping_status":"open","sticky":false,"template":"","format":"standard","meta":{"_acf_changed":false,"footnotes":""},"categories":[1],"tags":[],"class_list":["post-341","post","type-post","status-publish","format-standard","has-post-thumbnail","hentry","category-skup-izmir"],"acf":[],"_links":{"self":[{"href":"https:\/\/www.sumpizmir.org\/tr\/wp-json\/wp\/v2\/posts\/341","targetHints":{"allow":["GET"]}}],"collection":[{"href":"https:\/\/www.sumpizmir.org\/tr\/wp-json\/wp\/v2\/posts"}],"about":[{"href":"https:\/\/www.sumpizmir.org\/tr\/wp-json\/wp\/v2\/types\/post"}],"author":[{"embeddable":true,"href":"https:\/\/www.sumpizmir.org\/tr\/wp-json\/wp\/v2\/users\/1"}],"replies":[{"embeddable":true,"href":"https:\/\/www.sumpizmir.org\/tr\/wp-json\/wp\/v2\/comments?post=341"}],"version-history":[{"count":2,"href":"https:\/\/www.sumpizmir.org\/tr\/wp-json\/wp\/v2\/posts\/341\/revisions"}],"predecessor-version":[{"id":965,"href":"https:\/\/www.sumpizmir.org\/tr\/wp-json\/wp\/v2\/posts\/341\/revisions\/965"}],"wp:featuredmedia":[{"embeddable":true,"href":"https:\/\/www.sumpizmir.org\/tr\/wp-json\/wp\/v2\/media\/342"}],"wp:attachment":[{"href":"https:\/\/www.sumpizmir.org\/tr\/wp-json\/wp\/v2\/media?parent=341"}],"wp:term":[{"taxonomy":"category","embeddable":true,"href":"https:\/\/www.sumpizmir.org\/tr\/wp-json\/wp\/v2\/categories?post=341"},{"taxonomy":"post_tag","embeddable":true,"href":"https:\/\/www.sumpizmir.org\/tr\/wp-json\/wp\/v2\/tags?post=341"}],"curies":[{"name":"wp","href":"https:\/\/api.w.org\/{rel}","templated":true}]}}