{"id":337,"date":"2023-02-04T17:01:49","date_gmt":"2023-02-04T14:01:49","guid":{"rendered":"https:\/\/www.sumpizmir.org\/tr\/?p=337"},"modified":"2024-04-05T17:03:57","modified_gmt":"2024-04-05T14:03:57","slug":"surdurulebilir-bir-ulasim-icin-gelecege-hareket-et","status":"publish","type":"post","link":"https:\/\/www.sumpizmir.org\/tr\/2023\/02\/04\/surdurulebilir-bir-ulasim-icin-gelecege-hareket-et\/","title":{"rendered":"S\u00fcrd\u00fcr\u00fclebilir Bir Ula\u015f\u0131m i\u00e7in \u201cGelece\u011fe Hareket Et\u201d"},"content":{"rendered":"<p>\u0130zmir B\u00fcy\u00fck\u015fehir Belediyesi\u2019nin Avrupa Birli\u011fi ile \u00e7al\u0131\u015fmalar\u0131na ba\u015flad\u0131\u011f\u0131 \u0130zmir S\u00fcrd\u00fcr\u00fclebilir Kentsel Hareketlilik Plan\u0131 kapsam\u0131nda d\u00fczenlenen \u201cGelece\u011fe Hareket Et\u201d \u00e7al\u0131\u015ftaylar\u0131 7 \u015eubat\u2019ta ba\u015fl\u0131yor.<\/p>\n<p>\u0130zmir B\u00fcy\u00fck\u015fehir Belediyesi\u2019nin Avrupa Birli\u011fi (AB) ile y\u00fcr\u00fctt\u00fc\u011f\u00fc \u0130zmir S\u00fcrd\u00fcr\u00fclebilir Kentsel Hareketlilik Plan\u0131 (EU Support to \u0130zmir Sustainable Urban Mobility Plan-SUMP \u0130zmir) kapsam\u0131ndaki \u201cGelece\u011fe Hareket Et\u201d \u00e7al\u0131\u015ftaylar\u0131 ba\u015fl\u0131yor.<\/p>\n<p>Kentte s\u00fcrd\u00fcr\u00fclebilir bir ula\u015f\u0131m sistemi olu\u015fturmak amac\u0131yla d\u00fczenlenecek birinci payda\u015f kat\u0131l\u0131m \u00e7al\u0131\u015ftay\u0131 7 \u015eubat Sal\u0131 g\u00fcn\u00fc \u0130zQ \u0130novasyon Merkezi&#8217;nde yap\u0131lacak. 300\u2019e yak\u0131n kuruma davet g\u00f6nderilen \u00e7al\u0131\u015ftayda payda\u015flar, \u0130zmir\u2019de g\u00fcncel hareketlilik durumunu analiz edecek.\u00a0 Toplamda \u00fc\u00e7 payda\u015f kat\u0131l\u0131m \u00e7al\u0131\u015ftay\u0131 ve iki vatanda\u015f bilgilendirme toplant\u0131s\u0131 yap\u0131larak payda\u015flar\u0131n ve halk\u0131n \u0130zmir Ortak Ula\u015f\u0131m Vizyonu s\u00fcrecine dahil edilmesi hedefleniyor. \u00d6n\u00fcm\u00fczdeki y\u0131l da devam edecek toplant\u0131lar\u0131n ard\u0131ndan Temmuz 2024\u2019teki kapan\u0131\u015f etkinli\u011finde \u0130zmir S\u00fcrd\u00fcr\u00fclebilir Kentsel Hareketlilik Plan\u0131 a\u00e7\u0131klanacak.<\/p>\n<p>SUMP \u0130zmir k\u0131saltmas\u0131yla bilinen destek projesi daha g\u00fcvenli, temiz, eri\u015filebilir, ucuz hareketlilikle kentteki ya\u015fanabilirli\u011fe ve s\u00fcrd\u00fcr\u00fclebilirli\u011fe katk\u0131 sa\u011flamay\u0131 ama\u00e7l\u0131yor.<\/p>\n","protected":false},"excerpt":{"rendered":"<p>\u0130zmir B\u00fcy\u00fck\u015fehir Belediyesi\u2019nin Avrupa Birli\u011fi ile \u00e7al\u0131\u015fmalar\u0131na ba\u015flad\u0131\u011f\u0131 \u0130zmir S\u00fcrd\u00fcr\u00fclebilir Kentsel Hareketlilik Plan\u0131 kapsam\u0131nda d\u00fczenlenen \u201cGelece\u011fe Hareket Et\u201d \u00e7al\u0131\u015ftaylar\u0131 7 \u015eubat\u2019ta ba\u015fl\u0131yor. \u0130zmir B\u00fcy\u00fck\u015fehir Belediyesi\u2019nin Avrupa Birli\u011fi (AB) ile y\u00fcr\u00fctt\u00fc\u011f\u00fc \u0130zmir S\u00fcrd\u00fcr\u00fclebilir Kentsel Hareketlilik Plan\u0131 (EU Support to \u0130zmir Sustainable Urban Mobility Plan-SUMP \u0130zmir) kapsam\u0131ndaki \u201cGelece\u011fe Hareket Et\u201d \u00e7al\u0131\u015ftaylar\u0131 ba\u015fl\u0131yor. Kentte s\u00fcrd\u00fcr\u00fclebilir bir ula\u015f\u0131m sistemi olu\u015fturmak amac\u0131yla d\u00fczenlenecek birinci payda\u015f kat\u0131l\u0131m \u00e7al\u0131\u015ftay\u0131 7 \u015eubat Sal\u0131 g\u00fcn\u00fc \u0130zQ \u0130novasyon Merkezi&#8217;nde yap\u0131lacak.[&hellip;]<\/p>\n","protected":false},"author":1,"featured_media":338,"comment_status":"closed","ping_status":"open","sticky":false,"template":"","format":"standard","meta":{"_acf_changed":false,"footnotes":""},"categories":[1],"tags":[],"class_list":["post-337","post","type-post","status-publish","format-standard","has-post-thumbnail","hentry","category-skup-izmir"],"acf":[],"_links":{"self":[{"href":"https:\/\/www.sumpizmir.org\/tr\/wp-json\/wp\/v2\/posts\/337","targetHints":{"allow":["GET"]}}],"collection":[{"href":"https:\/\/www.sumpizmir.org\/tr\/wp-json\/wp\/v2\/posts"}],"about":[{"href":"https:\/\/www.sumpizmir.org\/tr\/wp-json\/wp\/v2\/types\/post"}],"author":[{"embeddable":true,"href":"https:\/\/www.sumpizmir.org\/tr\/wp-json\/wp\/v2\/users\/1"}],"replies":[{"embeddable":true,"href":"https:\/\/www.sumpizmir.org\/tr\/wp-json\/wp\/v2\/comments?post=337"}],"version-history":[{"count":2,"href":"https:\/\/www.sumpizmir.org\/tr\/wp-json\/wp\/v2\/posts\/337\/revisions"}],"predecessor-version":[{"id":340,"href":"https:\/\/www.sumpizmir.org\/tr\/wp-json\/wp\/v2\/posts\/337\/revisions\/340"}],"wp:featuredmedia":[{"embeddable":true,"href":"https:\/\/www.sumpizmir.org\/tr\/wp-json\/wp\/v2\/media\/338"}],"wp:attachment":[{"href":"https:\/\/www.sumpizmir.org\/tr\/wp-json\/wp\/v2\/media?parent=337"}],"wp:term":[{"taxonomy":"category","embeddable":true,"href":"https:\/\/www.sumpizmir.org\/tr\/wp-json\/wp\/v2\/categories?post=337"},{"taxonomy":"post_tag","embeddable":true,"href":"https:\/\/www.sumpizmir.org\/tr\/wp-json\/wp\/v2\/tags?post=337"}],"curies":[{"name":"wp","href":"https:\/\/api.w.org\/{rel}","templated":true}]}}