{"id":332,"date":"2022-09-22T16:56:55","date_gmt":"2022-09-22T13:56:55","guid":{"rendered":"https:\/\/www.sumpizmir.org\/tr\/?p=332"},"modified":"2024-05-30T16:45:46","modified_gmt":"2024-05-30T13:45:46","slug":"amac-daha-temiz-guvenli-ve-erisilebilir-izmir","status":"publish","type":"post","link":"https:\/\/www.sumpizmir.org\/tr\/2022\/09\/22\/amac-daha-temiz-guvenli-ve-erisilebilir-izmir\/","title":{"rendered":"Ama\u00e7 Daha Temiz, G\u00fcvenli ve Eri\u015filebilir \u0130zmir"},"content":{"rendered":"<p>\u0130zmir B\u00fcy\u00fck\u015fehir Belediyesi, Avrupa Birli\u011fi ile \u00e7al\u0131\u015fmalar\u0131na ba\u015flad\u0131\u011f\u0131 \u0130zmir S\u00fcrd\u00fcr\u00fclebilir Kentsel Hareketlilik Plan\u0131\u2019n\u0131 Avrupa Hareketlilik Haftas\u0131 kapsam\u0131nda kutlanan Otomobilsiz Kent G\u00fcn\u00fc\u2019nde bas\u0131na tan\u0131tt\u0131. 2 y\u0131lda tamamlanacak plan kentin daha g\u00fcvenli, temiz ve eri\u015filebilir olmas\u0131na, \u0130zmir B\u00fcy\u00fck\u015fehir Belediyesi\u2019nin ise daha kolay uluslararas\u0131 kredi bulmas\u0131na ve kurumsal kapasitesini geli\u015ftirmesine olanak sa\u011flayacak.<\/p>\n<p>Kenti s\u00fcrd\u00fcr\u00fclebilir k\u0131lmak i\u00e7in \u00e7al\u0131\u015fmalar\u0131na devam eden \u0130zmir B\u00fcy\u00fck\u015fehir Belediyesi,\u00a0 Avrupa Birli\u011fi (AB) ile y\u00fcr\u00fctt\u00fc\u011f\u00fc \u0130zmir S\u00fcrd\u00fcr\u00fclebilir Kentsel Hareketlilik Plan\u0131\u2019n\u0131 (EU Support to \u0130zmir Sustainable Urban Mobility Plan-SUMP \u0130zmir) kamuoyuna a\u00e7\u0131klad\u0131. 16-22 Eyl\u00fcl Avrupa Hareketlilik Haftas\u0131 kapsam\u0131ndaki Otomobilsiz Kent G\u00fcn\u00fc\u2019nde Swissotel B\u00fcy\u00fck Efes \u0130zmir\u2019de tan\u0131t\u0131lan proje, T\u00fcrkiye Cumhuriyeti ve AB taraf\u0131ndan finanse ediliyor. SUMP \u0130zmir k\u0131saltmas\u0131yla bilinen destek projesi daha g\u00fcvenli, temiz, eri\u015filebilir, ucuz hareketlilikle kentteki ya\u015fanabilirli\u011fe ve s\u00fcrd\u00fcr\u00fclebilirli\u011fine katk\u0131 sa\u011flamay\u0131 ama\u00e7l\u0131yor.<\/p>\n<p><img decoding=\"async\" class=\"aligncenter wp-image-335 size-large\" src=\"http:\/\/www.sumpizmir.org\/tr\/wp-content\/uploads\/2024\/04\/22092022_121356_0-1024x671.jpg\" alt=\"\" width=\"847\" height=\"555\" srcset=\"https:\/\/www.sumpizmir.org\/tr\/wp-content\/uploads\/2024\/04\/22092022_121356_0-1024x671.jpg 1024w, https:\/\/www.sumpizmir.org\/tr\/wp-content\/uploads\/2024\/04\/22092022_121356_0-300x197.jpg 300w, https:\/\/www.sumpizmir.org\/tr\/wp-content\/uploads\/2024\/04\/22092022_121356_0-768x503.jpg 768w, https:\/\/www.sumpizmir.org\/tr\/wp-content\/uploads\/2024\/04\/22092022_121356_0-1536x1006.jpg 1536w, https:\/\/www.sumpizmir.org\/tr\/wp-content\/uploads\/2024\/04\/22092022_121356_0-770x504.jpg 770w, https:\/\/www.sumpizmir.org\/tr\/wp-content\/uploads\/2024\/04\/22092022_121356_0.jpg 1600w\" sizes=\"(max-width: 847px) 100vw, 847px\" \/><\/p>\n<p><strong>Ula\u015f\u0131m sorun olmaktan \u00e7\u0131kacak<\/strong><br \/>\nToplant\u0131n\u0131n a\u00e7\u0131l\u0131\u015f\u0131nda konu\u015fan \u0130zmir B\u00fcy\u00fck\u015fehir Belediye Ba\u015fkan\u0131 Tun\u00e7 Soyer, ya\u015fam kalitesini art\u0131rma ve iklim kriziyle m\u00fccadelede \u0130zmir\u2019de iki b\u00fcy\u00fck ba\u015far\u0131ya imza att\u0131klar\u0131n\u0131 dile getirerek, \u201c\u0130zmir, S\u00fcrd\u00fcr\u00fclebilir Kentsel Hareketlilik Plan\u0131 konusunda T\u00fcrkiye\u2019de AB\u2019den destek almay\u0131 ba\u015faran ilk kentlerden biri oldu. \u0130kinci olarak ise ortaya koydu\u011fumuz vizyon ile \u015fehrimize d\u00fcnyan\u0131n ilk ve tek Cittaslow Metropol\u00fc unvan\u0131n\u0131 kazand\u0131rd\u0131k\u201d dedi. SUMP \u0130zmir\u2019in kent i\u00e7in \u00f6nemini vurgulayan Ba\u015fkan Tun\u00e7 Soyer \u015f\u00f6yle konu\u015ftu: \u201cBu plan d\u00fcnyan\u0131n ilk Cittaslow Metropol\u00fc olmaya hak kazanan \u015fehrimiz i\u00e7in yepyeni ve kal\u0131c\u0131 bir ufuk tarif ediyor. Ula\u015f\u0131m\u0131 sorun olmaktan \u00e7\u0131kar\u0131p \u015fehrin b\u00fct\u00fcn alanlar\u0131n\u0131 birbirine ba\u011flayan \u00e7ok y\u00f6nl\u00fc ve b\u00fct\u00fcnc\u00fcl bir \u00e7\u00f6z\u00fcm sunuyor. Biz \u0130zmir\u2019de ula\u015f\u0131m konusunda d\u00fcnyadaki de\u011fi\u015fimin \u00f6nc\u00fclerinden biri olmak i\u00e7in \u00e7al\u0131\u015f\u0131yoruz. Biliyorum ki bu de\u011fi\u015fimi ortak ak\u0131ldan ald\u0131\u011f\u0131m\u0131z g\u00fc\u00e7le beraber ba\u015faraca\u011f\u0131z. B\u00fct\u00fcn kalbimle inan\u0131yorum ki, her alanda oldu\u011fu gibi ula\u015f\u0131mda da do\u011fam\u0131zla uyumlu bir model m\u00fcmk\u00fcn. Ba\u015fka bir d\u00fcnya m\u00fcmk\u00fcn&#8230;\u201d<\/p>\n<p><strong>Odakta ara\u00e7lar de\u011fil insana ve \u00e7evreye sayg\u0131 olacak<\/strong><br \/>\nDi\u011fer a\u00e7\u0131l\u0131\u015f konu\u015fmas\u0131n\u0131 yapan AB T\u00fcrkiye Delegasyonu Ba\u015fkan\u0131 B\u00fcy\u00fckel\u00e7i Nikolaus Meyer-Landrut ise \u015f\u00f6yle konu\u015ftu: \u201c\u0130zmir\u2019in S\u00fcrd\u00fcr\u00fclebilir Kentsel Hareketlilik Plan\u0131\u2019n\u0131n start\u0131n\u0131 \u2018Otomobilsiz Kent G\u00fcn\u00fc\u2019nde veriyoruz, bunun bir tesad\u00fcf olmad\u0131\u011f\u0131n\u0131 d\u00fc\u015f\u00fcn\u00fcyorum. \u0130zmir, S\u00fcrd\u00fcr\u00fclebilir Kentsel Hareketlilik Planlamas\u0131na ge\u00e7i\u015fte de \u00f6nc\u00fc rol\u00fc rol oynuyor. S\u00fcrd\u00fcr\u00fclebilir Kentsel Hareketlilik Plan\u0131, \u0130zmir i\u00e7in insan odakl\u0131, eri\u015filebilir, emniyetli, sa\u011fl\u0131k odakl\u0131 diren\u00e7li bir ula\u015f\u0131m vizyonu olu\u015fturacak. Geleneksel ula\u015f\u0131m planlamas\u0131ndan fark\u0131 oda\u011f\u0131nda ara\u00e7lar de\u011fil insan\u0131n ve \u00e7evreye sayg\u0131n\u0131n olmas\u0131. Proje belediyenin imar, \u00e7evre gibi bir\u00e7ok biriminden ekipler ile y\u00fcr\u00fct\u00fclecek, payda\u015flar\u0131n ve vatanda\u015flar\u0131n vizyonun belirlenmesinde geni\u015f s\u00f6z hakk\u0131 olacak.\u201d<br \/>\nToplant\u0131 SUMP \u0130zmir Tak\u0131m Lideri Prof. Dr. Ashraf Hamed\u2019in projeyle ilgili teknik detaylar\u0131 anlatt\u0131\u011f\u0131 sunumla s\u00fcrd\u00fc.<\/p>\n<p><img decoding=\"async\" class=\"aligncenter wp-image-334 size-large\" src=\"http:\/\/www.sumpizmir.org\/tr\/wp-content\/uploads\/2024\/04\/22092022_12143_0-1024x682.jpg\" alt=\"\" width=\"847\" height=\"564\" srcset=\"https:\/\/www.sumpizmir.org\/tr\/wp-content\/uploads\/2024\/04\/22092022_12143_0-1024x682.jpg 1024w, https:\/\/www.sumpizmir.org\/tr\/wp-content\/uploads\/2024\/04\/22092022_12143_0-300x200.jpg 300w, https:\/\/www.sumpizmir.org\/tr\/wp-content\/uploads\/2024\/04\/22092022_12143_0-768x512.jpg 768w, https:\/\/www.sumpizmir.org\/tr\/wp-content\/uploads\/2024\/04\/22092022_12143_0-1536x1023.jpg 1536w, https:\/\/www.sumpizmir.org\/tr\/wp-content\/uploads\/2024\/04\/22092022_12143_0-770x513.jpg 770w, https:\/\/www.sumpizmir.org\/tr\/wp-content\/uploads\/2024\/04\/22092022_12143_0.jpg 1600w\" sizes=\"(max-width: 847px) 100vw, 847px\" \/><br \/>\n<strong>SUMP \u0130zmir ortak ak\u0131lla olu\u015fturulacak<\/strong><br \/>\nKapsam belirleme ve insan odakl\u0131 hareketlilik verisi toplama, strateji geli\u015ftirme, eylem planlar\u0131 olu\u015fturma ve kapasite geli\u015ftirme gibi a\u015famalar\u0131 olan SUMP \u0130zmir, 2 y\u0131lda tamamlanacak. Plan stratejik belge niteli\u011fi ta\u015f\u0131yacak ve kurumun daha kolay uluslararas\u0131 kredi bulmas\u0131na,\u00a0 kurumsal kapasitesini geli\u015ftirmesine olanak sa\u011flayacak. Ortak akl\u0131 oda\u011f\u0131na alan plan, kentteki sivil toplum kurulu\u015flar\u0131ndan meslek odalar\u0131na kadar 200 payda\u015fla olu\u015fturulacak.<br \/>\n\u0130zmir S\u00fcrd\u00fcr\u00fclebilir Kentsel Hareketlilik Plan\u0131na AB Deste\u011fi Projesi\u2019nin s\u00f6zle\u015fmesi Hollanda, Almanya, Bel\u00e7ika ve T\u00fcrkiye firmalar\u0131ndan olu\u015fan uluslararas\u0131 bir konsorsiyum ile Ula\u015ft\u0131rma ve Altyap\u0131 Bakanl\u0131\u011f\u0131, AB ve D\u0131\u015f \u0130li\u015fkiler Genel M\u00fcd\u00fcrl\u00fc\u011f\u00fc, AB Yat\u0131r\u0131mlar\u0131 Dairesi aras\u0131nda 21 Haziran 2022\u2019de imzalanm\u0131\u015ft\u0131.<\/p>\n<p><strong>Otomobilsiz Kent G\u00fcn\u00fc\u2019nde B\u0130S\u0130M\u2019ler \u00fccretsiz<\/strong><br \/>\n\u0130zmir\u2019de dokuzuncusu d\u00fczenlenen Otomobilsiz Kent G\u00fcn\u00fc kapsam\u0131nda B\u0130S\u0130M bisikletleri \u00fccretsiz hizmet veriyor. SUMP lansman\u0131n\u0131n yap\u0131ld\u0131\u011f\u0131 Swissotel B\u00fcy\u00fck Efes \u0130zmir\u2019in hemen \u00f6n\u00fcndeki trafi\u011fe kapal\u0131 Gaziosmanpa\u015fa Bulvar\u0131\u2019nda ise Otomobilsiz Kent G\u00fcn\u00fc kapsam\u0131nda \u00e7ocuk yogas\u0131ndan en yava\u015f bisiklet turnuvas\u0131na kadar fark\u0131ndal\u0131k etkinlikleri s\u00fcr\u00fcyor. Ba\u015fkan Soyer ve B\u00fcy\u00fckel\u00e7i Meyer-Landrut g\u00fcn i\u00e7inde Otomobilsiz Kent G\u00fcn\u00fc etkinliklerine de kat\u0131lacak.<\/p>\n","protected":false},"excerpt":{"rendered":"<p>\u0130zmir B\u00fcy\u00fck\u015fehir Belediyesi, Avrupa Birli\u011fi ile \u00e7al\u0131\u015fmalar\u0131na ba\u015flad\u0131\u011f\u0131 \u0130zmir S\u00fcrd\u00fcr\u00fclebilir Kentsel Hareketlilik Plan\u0131\u2019n\u0131 Avrupa Hareketlilik Haftas\u0131 kapsam\u0131nda kutlanan Otomobilsiz Kent G\u00fcn\u00fc\u2019nde bas\u0131na tan\u0131tt\u0131. 2 y\u0131lda tamamlanacak plan kentin daha g\u00fcvenli, temiz ve eri\u015filebilir olmas\u0131na, \u0130zmir B\u00fcy\u00fck\u015fehir Belediyesi\u2019nin ise daha kolay uluslararas\u0131 kredi bulmas\u0131na ve kurumsal kapasitesini geli\u015ftirmesine olanak sa\u011flayacak. Kenti s\u00fcrd\u00fcr\u00fclebilir k\u0131lmak i\u00e7in \u00e7al\u0131\u015fmalar\u0131na devam eden \u0130zmir B\u00fcy\u00fck\u015fehir Belediyesi,\u00a0 Avrupa Birli\u011fi (AB) ile y\u00fcr\u00fctt\u00fc\u011f\u00fc \u0130zmir S\u00fcrd\u00fcr\u00fclebilir Kentsel Hareketlilik Plan\u0131\u2019n\u0131 (EU[&hellip;]<\/p>\n","protected":false},"author":1,"featured_media":333,"comment_status":"closed","ping_status":"open","sticky":false,"template":"","format":"standard","meta":{"_acf_changed":false,"footnotes":""},"categories":[1],"tags":[],"class_list":["post-332","post","type-post","status-publish","format-standard","has-post-thumbnail","hentry","category-skup-izmir"],"acf":[],"_links":{"self":[{"href":"https:\/\/www.sumpizmir.org\/tr\/wp-json\/wp\/v2\/posts\/332","targetHints":{"allow":["GET"]}}],"collection":[{"href":"https:\/\/www.sumpizmir.org\/tr\/wp-json\/wp\/v2\/posts"}],"about":[{"href":"https:\/\/www.sumpizmir.org\/tr\/wp-json\/wp\/v2\/types\/post"}],"author":[{"embeddable":true,"href":"https:\/\/www.sumpizmir.org\/tr\/wp-json\/wp\/v2\/users\/1"}],"replies":[{"embeddable":true,"href":"https:\/\/www.sumpizmir.org\/tr\/wp-json\/wp\/v2\/comments?post=332"}],"version-history":[{"count":2,"href":"https:\/\/www.sumpizmir.org\/tr\/wp-json\/wp\/v2\/posts\/332\/revisions"}],"predecessor-version":[{"id":971,"href":"https:\/\/www.sumpizmir.org\/tr\/wp-json\/wp\/v2\/posts\/332\/revisions\/971"}],"wp:featuredmedia":[{"embeddable":true,"href":"https:\/\/www.sumpizmir.org\/tr\/wp-json\/wp\/v2\/media\/333"}],"wp:attachment":[{"href":"https:\/\/www.sumpizmir.org\/tr\/wp-json\/wp\/v2\/media?parent=332"}],"wp:term":[{"taxonomy":"category","embeddable":true,"href":"https:\/\/www.sumpizmir.org\/tr\/wp-json\/wp\/v2\/categories?post=332"},{"taxonomy":"post_tag","embeddable":true,"href":"https:\/\/www.sumpizmir.org\/tr\/wp-json\/wp\/v2\/tags?post=332"}],"curies":[{"name":"wp","href":"https:\/\/api.w.org\/{rel}","templated":true}]}}