{"id":327,"date":"2022-09-22T16:53:53","date_gmt":"2022-09-22T13:53:53","guid":{"rendered":"https:\/\/www.sumpizmir.org\/tr\/?p=327"},"modified":"2024-05-30T16:43:01","modified_gmt":"2024-05-30T13:43:01","slug":"izmirde-otomobilsiz-kent-gunu-kutlandi","status":"publish","type":"post","link":"https:\/\/www.sumpizmir.org\/tr\/2022\/09\/22\/izmirde-otomobilsiz-kent-gunu-kutlandi\/","title":{"rendered":"\u0130zmir&#8217;de Otomobilsiz Kent G\u00fcn\u00fc Kutland\u0131"},"content":{"rendered":"<p>\u0130zmir B\u00fcy\u00fck\u015fehir Belediye Ba\u015fkan\u0131 Tun\u00e7 Soyer ile Avrupa Birli\u011fi T\u00fcrkiye Delegasyonu Ba\u015fkan\u0131 B\u00fcy\u00fckel\u00e7i Nikolaus Meyer-Landrut, Avrupa Hareketlilik Haftas\u0131 kapsam\u0131ndaki Otomobilsiz Kent G\u00fcn\u00fc&#8217;nde trafi\u011fe kapat\u0131lan Gaziosmanpa\u015fa Bulvar\u0131&#8217;nda yurtta\u015flarla bir araya geldi. Ba\u015fkan Soyer ve B\u00fcy\u00fckel\u00e7i Meyer-Landrut s\u00fcrd\u00fcr\u00fclebilir ula\u015f\u0131m ile ilgili stantlar\u0131 da ziyaret etti.<\/p>\n<p><img decoding=\"async\" class=\"aligncenter wp-image-328 size-large\" src=\"http:\/\/www.sumpizmir.org\/tr\/wp-content\/uploads\/2024\/04\/22092022_205011_0-1024x808.jpg\" alt=\"\" width=\"847\" height=\"668\" srcset=\"https:\/\/www.sumpizmir.org\/tr\/wp-content\/uploads\/2024\/04\/22092022_205011_0-1024x808.jpg 1024w, https:\/\/www.sumpizmir.org\/tr\/wp-content\/uploads\/2024\/04\/22092022_205011_0-300x237.jpg 300w, https:\/\/www.sumpizmir.org\/tr\/wp-content\/uploads\/2024\/04\/22092022_205011_0-768x606.jpg 768w, https:\/\/www.sumpizmir.org\/tr\/wp-content\/uploads\/2024\/04\/22092022_205011_0-1536x1212.jpg 1536w, https:\/\/www.sumpizmir.org\/tr\/wp-content\/uploads\/2024\/04\/22092022_205011_0-770x607.jpg 770w, https:\/\/www.sumpizmir.org\/tr\/wp-content\/uploads\/2024\/04\/22092022_205011_0.jpg 1600w\" sizes=\"(max-width: 847px) 100vw, 847px\" \/><\/p>\n<p>Fark\u0131ndal\u0131k etkinlikleriyle Avrupa Hareketlilik Haftas\u0131&#8217;n\u0131 kutlayan \u0130zmir B\u00fcy\u00fck\u015fehir Belediyesi son g\u00fcn\u00fcndeki Otomobilsiz Kent G\u00fcn\u00fc kutlamalar\u0131yla haftay\u0131 noktalad\u0131. \u0130zmir\u2019de dokuzuncusu d\u00fczenlenen Otomobilsiz Kent G\u00fcn\u00fc i\u00e7in Gaziosmanpa\u015fa Bulvar\u0131 trafi\u011fe kapat\u0131ld\u0131. Bulvarda \u00e7ocuk yogas\u0131ndan en yava\u015f bisiklet turnuvas\u0131na kadar bir\u00e7ok etkinlik d\u00fczenlendi. S\u00fcrd\u00fcr\u00fclebilir ula\u015f\u0131m\u0131 tan\u0131tmak i\u00e7in kurulan stantlar ilgi g\u00f6rd\u00fc. \u0130zmir B\u00fcy\u00fck\u015fehir Belediye Ba\u015fkan\u0131 Tun\u00e7 Soyer ve Avrupa Birli\u011fi T\u00fcrkiye Delegasyonu Ba\u015fkan\u0131 B\u00fcy\u00fckel\u00e7i Nikolaus Meyer-Landrut da stantlar\u0131 ziyaret etti.<\/p>\n<p><img decoding=\"async\" class=\"aligncenter wp-image-330 size-large\" src=\"http:\/\/www.sumpizmir.org\/tr\/wp-content\/uploads\/2024\/04\/22092022_205043_0-1024x691.jpg\" alt=\"\" width=\"847\" height=\"572\" srcset=\"https:\/\/www.sumpizmir.org\/tr\/wp-content\/uploads\/2024\/04\/22092022_205043_0-1024x691.jpg 1024w, https:\/\/www.sumpizmir.org\/tr\/wp-content\/uploads\/2024\/04\/22092022_205043_0-300x202.jpg 300w, https:\/\/www.sumpizmir.org\/tr\/wp-content\/uploads\/2024\/04\/22092022_205043_0-768x518.jpg 768w, https:\/\/www.sumpizmir.org\/tr\/wp-content\/uploads\/2024\/04\/22092022_205043_0-1536x1036.jpg 1536w, https:\/\/www.sumpizmir.org\/tr\/wp-content\/uploads\/2024\/04\/22092022_205043_0-770x519.jpg 770w, https:\/\/www.sumpizmir.org\/tr\/wp-content\/uploads\/2024\/04\/22092022_205043_0.jpg 1600w\" sizes=\"(max-width: 847px) 100vw, 847px\" \/><\/p>\n<p>Otomobilsiz Kent G\u00fcn\u00fc bu sabah (22 Eyl\u00fcl 2022) \u0130zmir B\u00fcy\u00fck\u015fehir Belediyesi\u2019nin Avrupa Birli\u011fi (AB) ile y\u00fcr\u00fctt\u00fc\u011f\u00fc \u0130zmir S\u00fcrd\u00fcr\u00fclebilir Kentsel Hareketlilik Plan\u0131\u2019n\u0131 (EU Support to \u0130zmir Sustainable Urban Mobility Plan-SUMP \u0130zmir) kamuoyuna a\u00e7\u0131klamas\u0131yla ba\u015flam\u0131\u015ft\u0131.<\/p>\n","protected":false},"excerpt":{"rendered":"<p>\u0130zmir B\u00fcy\u00fck\u015fehir Belediye Ba\u015fkan\u0131 Tun\u00e7 Soyer ile Avrupa Birli\u011fi T\u00fcrkiye Delegasyonu Ba\u015fkan\u0131 B\u00fcy\u00fckel\u00e7i Nikolaus Meyer-Landrut, Avrupa Hareketlilik Haftas\u0131 kapsam\u0131ndaki Otomobilsiz Kent G\u00fcn\u00fc&#8217;nde trafi\u011fe kapat\u0131lan Gaziosmanpa\u015fa Bulvar\u0131&#8217;nda yurtta\u015flarla bir araya geldi. Ba\u015fkan Soyer ve B\u00fcy\u00fckel\u00e7i Meyer-Landrut s\u00fcrd\u00fcr\u00fclebilir ula\u015f\u0131m ile ilgili stantlar\u0131 da ziyaret etti. Fark\u0131ndal\u0131k etkinlikleriyle Avrupa Hareketlilik Haftas\u0131&#8217;n\u0131 kutlayan \u0130zmir B\u00fcy\u00fck\u015fehir Belediyesi son g\u00fcn\u00fcndeki Otomobilsiz Kent G\u00fcn\u00fc kutlamalar\u0131yla haftay\u0131 noktalad\u0131. \u0130zmir\u2019de dokuzuncusu d\u00fczenlenen Otomobilsiz Kent G\u00fcn\u00fc i\u00e7in Gaziosmanpa\u015fa Bulvar\u0131 trafi\u011fe[&hellip;]<\/p>\n","protected":false},"author":1,"featured_media":329,"comment_status":"closed","ping_status":"open","sticky":false,"template":"","format":"standard","meta":{"_acf_changed":false,"footnotes":""},"categories":[1],"tags":[],"class_list":["post-327","post","type-post","status-publish","format-standard","has-post-thumbnail","hentry","category-skup-izmir"],"acf":[],"_links":{"self":[{"href":"https:\/\/www.sumpizmir.org\/tr\/wp-json\/wp\/v2\/posts\/327","targetHints":{"allow":["GET"]}}],"collection":[{"href":"https:\/\/www.sumpizmir.org\/tr\/wp-json\/wp\/v2\/posts"}],"about":[{"href":"https:\/\/www.sumpizmir.org\/tr\/wp-json\/wp\/v2\/types\/post"}],"author":[{"embeddable":true,"href":"https:\/\/www.sumpizmir.org\/tr\/wp-json\/wp\/v2\/users\/1"}],"replies":[{"embeddable":true,"href":"https:\/\/www.sumpizmir.org\/tr\/wp-json\/wp\/v2\/comments?post=327"}],"version-history":[{"count":2,"href":"https:\/\/www.sumpizmir.org\/tr\/wp-json\/wp\/v2\/posts\/327\/revisions"}],"predecessor-version":[{"id":966,"href":"https:\/\/www.sumpizmir.org\/tr\/wp-json\/wp\/v2\/posts\/327\/revisions\/966"}],"wp:featuredmedia":[{"embeddable":true,"href":"https:\/\/www.sumpizmir.org\/tr\/wp-json\/wp\/v2\/media\/329"}],"wp:attachment":[{"href":"https:\/\/www.sumpizmir.org\/tr\/wp-json\/wp\/v2\/media?parent=327"}],"wp:term":[{"taxonomy":"category","embeddable":true,"href":"https:\/\/www.sumpizmir.org\/tr\/wp-json\/wp\/v2\/categories?post=327"},{"taxonomy":"post_tag","embeddable":true,"href":"https:\/\/www.sumpizmir.org\/tr\/wp-json\/wp\/v2\/tags?post=327"}],"curies":[{"name":"wp","href":"https:\/\/api.w.org\/{rel}","templated":true}]}}