{"id":322,"date":"2022-09-19T16:51:13","date_gmt":"2022-09-19T13:51:13","guid":{"rendered":"https:\/\/www.sumpizmir.org\/tr\/?p=322"},"modified":"2024-05-30T16:48:27","modified_gmt":"2024-05-30T13:48:27","slug":"selcukta-ogrenciler-okula-bisikletle-gitti","status":"publish","type":"post","link":"https:\/\/www.sumpizmir.org\/tr\/2022\/09\/19\/selcukta-ogrenciler-okula-bisikletle-gitti\/","title":{"rendered":"Sel\u00e7uk\u2019ta \u00d6\u011frenciler Okula Bisikletle Gitti"},"content":{"rendered":"<p>\u0130zmir B\u00fcy\u00fck\u015fehir Belediyesi, Avrupa Hareketlilik Haftas\u0131\u2019n\u0131 fark\u0131ndal\u0131k etkinlikleriyle kutluyor. B\u00fcy\u00fck\u015fehir Belediyesi personeli Sel\u00e7uk\u2019ta Cumhuriyet \u0130lkokulu \u00f6\u011frencileriyle okula bisiklet kullanarak gitti.<\/p>\n<p>Kenti s\u00fcrd\u00fcr\u00fclebilir k\u0131lmak i\u00e7in \u00e7al\u0131\u015fmalar\u0131na devam eden \u0130zmir B\u00fcy\u00fck\u015fehir Belediyesi, 16-22 Eyl\u00fcl Avrupa Hareketlilik Haftas\u0131 kapsam\u0131nda etkinliklerini s\u00fcrd\u00fcr\u00fcyor. B\u00fcy\u00fck\u015fehir Belediyesi personeli fark\u0131ndal\u0131k yaratmak i\u00e7in Sel\u00e7uk Cumhuriyet \u0130lkokulu \u00f6\u011frencileri ile okula bisikletle gitti. Yerel sivil toplum \u00f6rg\u00fctlerinin de kat\u0131l\u0131m\u0131yla yap\u0131lan \u201cOkula Pedalla\u201d etkinli\u011finde velilerin g\u00f6zetiminde olu\u015fturulan \u00f6\u011frenci gruplar\u0131, belli bir noktada bulu\u015farak balonlar ve \u00e7i\u00e7eklerle okula kadar pedal \u00e7evirdi. 17 Eyl\u00fcl 2022 Cumartesi g\u00fcn\u00fc ise Konak \u0130skelesi\u2019nde bulu\u015fan bisiklet gruplar\u0131 \u0130nciralt\u0131 Kent Orman\u0131\u2019na s\u00fcr\u00fc\u015f d\u00fczenledi.<\/p>\n<p><img decoding=\"async\" class=\"aligncenter wp-image-325 size-large\" src=\"http:\/\/www.sumpizmir.org\/tr\/wp-content\/uploads\/2024\/04\/19092022_151839_0-1024x682.jpg\" alt=\"\" width=\"847\" height=\"564\" srcset=\"https:\/\/www.sumpizmir.org\/tr\/wp-content\/uploads\/2024\/04\/19092022_151839_0-1024x682.jpg 1024w, https:\/\/www.sumpizmir.org\/tr\/wp-content\/uploads\/2024\/04\/19092022_151839_0-300x200.jpg 300w, https:\/\/www.sumpizmir.org\/tr\/wp-content\/uploads\/2024\/04\/19092022_151839_0-768x512.jpg 768w, https:\/\/www.sumpizmir.org\/tr\/wp-content\/uploads\/2024\/04\/19092022_151839_0-1536x1023.jpg 1536w, https:\/\/www.sumpizmir.org\/tr\/wp-content\/uploads\/2024\/04\/19092022_151839_0-770x513.jpg 770w, https:\/\/www.sumpizmir.org\/tr\/wp-content\/uploads\/2024\/04\/19092022_151839_0.jpg 1600w\" sizes=\"(max-width: 847px) 100vw, 847px\" \/><\/p>\n<p><strong>\u0130zmir S\u00fcrd\u00fcr\u00fclebilir Kentsel Hareketlilik Plan\u0131 tan\u0131t\u0131lacak<\/strong><br \/>\n\u0130zmir B\u00fcy\u00fck\u015fehir Belediyesi, 16-22 Eyl\u00fcl Avrupa Hareketlilik Haftas\u0131\u2019n\u0131n son g\u00fcn\u00fcnde Avrupa Birli\u011fi (AB) ile y\u00fcr\u00fctt\u00fc\u011f\u00fc \u0130zmir S\u00fcrd\u00fcr\u00fclebilir Kentsel Hareketlilik Plan\u0131\u2019n\u0131 (EU Support to \u0130zmir Sustainable Urban Mobility Plan-SUMP \u0130zmir) tan\u0131tacak. AB T\u00fcrkiye Delegasyonu Ba\u015fkan\u0131 B\u00fcy\u00fckel\u00e7i Meyer-Landrut\u2019un da kat\u0131laca\u011f\u0131 toplant\u0131n\u0131n ev sahipli\u011fini \u0130zmir B\u00fcy\u00fck\u015fehir Belediye Ba\u015fkan\u0131 Tun\u00e7 Soyer \u00fcstlenecek. T\u00fcrkiye Cumhuriyeti ve AB taraf\u0131ndan finanse edilen SUMP \u0130zmir destek projesi daha g\u00fcvenli, temiz, eri\u015filebilir ve ucuz hareketlilikle kentin ya\u015fanabilirli\u011fi ve s\u00fcrd\u00fcr\u00fclebilirli\u011fine katk\u0131 sa\u011flamay\u0131 ama\u00e7l\u0131yor. Kapsam belirleme ve insan odakl\u0131 hareketlilik verisi toplama, strateji geli\u015ftirme, eylem planlar\u0131 olu\u015fturma ve kapasite geli\u015ftirme gibi a\u015famalar\u0131 olan SUMP \u0130zmir, 2 y\u0131lda tamamlanacak. Plan stratejik belge niteli\u011fi ta\u015f\u0131yacak ve kurumun daha kolay uluslararas\u0131 kredi bulmas\u0131na,\u00a0 kurumsal kapasitesini geli\u015ftirmesine olanak sa\u011flayacak. Ortak akl\u0131 oda\u011f\u0131na alan plan, kentteki sivil toplum kurulu\u015flar\u0131ndan meslek odalar\u0131na kadar 200 payda\u015fla olu\u015fturulacak.<\/p>\n<p><img decoding=\"async\" class=\"aligncenter wp-image-324 size-large\" src=\"http:\/\/www.sumpizmir.org\/tr\/wp-content\/uploads\/2024\/04\/19092022_151833_0-1024x682.jpg\" alt=\"\" width=\"847\" height=\"564\" srcset=\"https:\/\/www.sumpizmir.org\/tr\/wp-content\/uploads\/2024\/04\/19092022_151833_0-1024x682.jpg 1024w, https:\/\/www.sumpizmir.org\/tr\/wp-content\/uploads\/2024\/04\/19092022_151833_0-300x200.jpg 300w, https:\/\/www.sumpizmir.org\/tr\/wp-content\/uploads\/2024\/04\/19092022_151833_0-768x512.jpg 768w, https:\/\/www.sumpizmir.org\/tr\/wp-content\/uploads\/2024\/04\/19092022_151833_0-1536x1023.jpg 1536w, https:\/\/www.sumpizmir.org\/tr\/wp-content\/uploads\/2024\/04\/19092022_151833_0-770x513.jpg 770w, https:\/\/www.sumpizmir.org\/tr\/wp-content\/uploads\/2024\/04\/19092022_151833_0.jpg 1600w\" sizes=\"(max-width: 847px) 100vw, 847px\" \/><\/p>\n<p>\u0130zmir S\u00fcrd\u00fcr\u00fclebilir Kentsel Hareketlilik Plan\u0131na AB Deste\u011fi Projesi\u2019nin s\u00f6zle\u015fmesi Hollanda, Almanya, Bel\u00e7ika ve T\u00fcrkiye firmalar\u0131ndan olu\u015fan uluslararas\u0131 bir konsorsiyum ile Ula\u015ft\u0131rma ve Altyap\u0131 Bakanl\u0131\u011f\u0131, AB ve D\u0131\u015f \u0130li\u015fkiler Genel M\u00fcd\u00fcrl\u00fc\u011f\u00fc, AB Yat\u0131r\u0131mlar\u0131 Dairesi aras\u0131nda 21 Haziran 2022\u2019de imzalanm\u0131\u015ft\u0131.<\/p>\n<p><strong>Otomobilsiz Kent G\u00fcn\u00fc\u2019nde B\u0130S\u0130M\u2019ler \u00fccretsiz<\/strong><br \/>\n\u0130zmir B\u00fcy\u00fck\u015fehir Belediyesi hafta boyunca etkinliklerle tan\u0131taca\u011f\u0131 Avrupa Hareketlilik Haftas\u0131\u2019n\u0131n son g\u00fcn\u00fc olan 22 Eyl\u00fcl\u2019de, SUMP lansman\u0131n\u0131n ard\u0131ndan Otomobilsiz Kent G\u00fcn\u00fc\u2019n\u00fc kutlayacak. \u0130zmir\u2019de dokuzuncusu d\u00fczenlenen Otomobilsiz Kent G\u00fcn\u00fc\u2019nde trafi\u011fe kapat\u0131lacak Gaziosmanpa\u015fa Bulvar\u0131 \u00e7ocuk yogas\u0131ndan zumbaya, en yava\u015f bisiklet turnuvas\u0131ndan tay-tay bisiklet turnuvas\u0131na kadar g\u00fcn boyu s\u00fcrecek etkinliklerin adresi olacak. Otomobilsiz Kent G\u00fcn\u00fc\u2019nde B\u0130S\u0130M bisikletleri ise \u00fccretsiz hizmet verecek.<br \/>\n\u0130zmir B\u00fcy\u00fck\u015fehir Belediyesi personeli ise fark\u0131ndal\u0131\u011f\u0131 kent geneline yaymak i\u00e7in 19-20-21 Eyl\u00fcl\u2019de i\u015fe bisikletle gelip gidecek.<\/p>\n","protected":false},"excerpt":{"rendered":"<p>\u0130zmir B\u00fcy\u00fck\u015fehir Belediyesi, Avrupa Hareketlilik Haftas\u0131\u2019n\u0131 fark\u0131ndal\u0131k etkinlikleriyle kutluyor. B\u00fcy\u00fck\u015fehir Belediyesi personeli Sel\u00e7uk\u2019ta Cumhuriyet \u0130lkokulu \u00f6\u011frencileriyle okula bisiklet kullanarak gitti. Kenti s\u00fcrd\u00fcr\u00fclebilir k\u0131lmak i\u00e7in \u00e7al\u0131\u015fmalar\u0131na devam eden \u0130zmir B\u00fcy\u00fck\u015fehir Belediyesi, 16-22 Eyl\u00fcl Avrupa Hareketlilik Haftas\u0131 kapsam\u0131nda etkinliklerini s\u00fcrd\u00fcr\u00fcyor. B\u00fcy\u00fck\u015fehir Belediyesi personeli fark\u0131ndal\u0131k yaratmak i\u00e7in Sel\u00e7uk Cumhuriyet \u0130lkokulu \u00f6\u011frencileri ile okula bisikletle gitti. Yerel sivil toplum \u00f6rg\u00fctlerinin de kat\u0131l\u0131m\u0131yla yap\u0131lan \u201cOkula Pedalla\u201d etkinli\u011finde velilerin g\u00f6zetiminde olu\u015fturulan \u00f6\u011frenci gruplar\u0131, belli bir noktada[&hellip;]<\/p>\n","protected":false},"author":1,"featured_media":323,"comment_status":"closed","ping_status":"open","sticky":false,"template":"","format":"standard","meta":{"_acf_changed":false,"footnotes":""},"categories":[1],"tags":[],"class_list":["post-322","post","type-post","status-publish","format-standard","has-post-thumbnail","hentry","category-skup-izmir"],"acf":[],"_links":{"self":[{"href":"https:\/\/www.sumpizmir.org\/tr\/wp-json\/wp\/v2\/posts\/322","targetHints":{"allow":["GET"]}}],"collection":[{"href":"https:\/\/www.sumpizmir.org\/tr\/wp-json\/wp\/v2\/posts"}],"about":[{"href":"https:\/\/www.sumpizmir.org\/tr\/wp-json\/wp\/v2\/types\/post"}],"author":[{"embeddable":true,"href":"https:\/\/www.sumpizmir.org\/tr\/wp-json\/wp\/v2\/users\/1"}],"replies":[{"embeddable":true,"href":"https:\/\/www.sumpizmir.org\/tr\/wp-json\/wp\/v2\/comments?post=322"}],"version-history":[{"count":2,"href":"https:\/\/www.sumpizmir.org\/tr\/wp-json\/wp\/v2\/posts\/322\/revisions"}],"predecessor-version":[{"id":974,"href":"https:\/\/www.sumpizmir.org\/tr\/wp-json\/wp\/v2\/posts\/322\/revisions\/974"}],"wp:featuredmedia":[{"embeddable":true,"href":"https:\/\/www.sumpizmir.org\/tr\/wp-json\/wp\/v2\/media\/323"}],"wp:attachment":[{"href":"https:\/\/www.sumpizmir.org\/tr\/wp-json\/wp\/v2\/media?parent=322"}],"wp:term":[{"taxonomy":"category","embeddable":true,"href":"https:\/\/www.sumpizmir.org\/tr\/wp-json\/wp\/v2\/categories?post=322"},{"taxonomy":"post_tag","embeddable":true,"href":"https:\/\/www.sumpizmir.org\/tr\/wp-json\/wp\/v2\/tags?post=322"}],"curies":[{"name":"wp","href":"https:\/\/api.w.org\/{rel}","templated":true}]}}