{"id":319,"date":"2022-09-15T16:48:10","date_gmt":"2022-09-15T13:48:10","guid":{"rendered":"https:\/\/www.sumpizmir.org\/tr\/?p=319"},"modified":"2024-04-05T16:49:48","modified_gmt":"2024-04-05T13:49:48","slug":"ab-ile-surdurulebilir-kentsel-hareketlilik-plani","status":"publish","type":"post","link":"https:\/\/www.sumpizmir.org\/tr\/2022\/09\/15\/ab-ile-surdurulebilir-kentsel-hareketlilik-plani\/","title":{"rendered":"AB ile S\u00fcrd\u00fcr\u00fclebilir Kentsel Hareketlilik Plan\u0131"},"content":{"rendered":"<p>\u0130zmir B\u00fcy\u00fck\u015fehir Belediyesi, Avrupa Birli\u011fi ile \u00e7al\u0131\u015fmalar\u0131na ba\u015flad\u0131\u011f\u0131 \u0130zmir S\u00fcrd\u00fcr\u00fclebilir Kentsel Hareketlilik Plan\u0131\u2019n\u0131 22 Eyl\u00fcl\u2019de bas\u0131na tan\u0131tacak. 2 y\u0131lda tamamlanacak plan, kentin daha g\u00fcvenli, temiz ve eri\u015filebilir olmas\u0131na, kurumun ise daha kolay uluslararas\u0131 kredi bulmas\u0131na ve kurumsal kapasitesini geli\u015ftirmesine olanak sa\u011flayacak. Ayn\u0131 g\u00fcn Otomobilsiz Kent G\u00fcn\u00fc de kutlanacak.<\/p>\n<p>Kenti s\u00fcrd\u00fcr\u00fclebilir k\u0131lmak i\u00e7in \u00e7al\u0131\u015fmalar\u0131na devam eden \u0130zmir B\u00fcy\u00fck\u015fehir Belediyesi, 16-22 Eyl\u00fcl Avrupa Hareketlilik Haftas\u0131\u2019n\u0131n son g\u00fcn\u00fcnde Avrupa Birli\u011fi (AB) ile y\u00fcr\u00fctt\u00fc\u011f\u00fc \u0130zmir S\u00fcrd\u00fcr\u00fclebilir Kentsel Hareketlilik Plan\u0131\u2019n\u0131 (EU Support to \u0130zmir Sustainable Urban Mobility Plan-SUMP \u0130zmir) tan\u0131tacak. AB T\u00fcrkiye Delegasyonu Ba\u015fkan\u0131 B\u00fcy\u00fckel\u00e7i Meyer-Landrut\u2019un da kat\u0131laca\u011f\u0131 toplant\u0131n\u0131n ev sahipli\u011fini \u0130zmir B\u00fcy\u00fck\u015fehir Belediye Ba\u015fkan\u0131 Tun\u00e7 Soyer \u00fcstlenecek.<br \/>\nT\u00fcrkiye Cumhuriyeti ve AB taraf\u0131ndan finanse edilen SUMP \u0130zmir destek projesi daha g\u00fcvenli, temiz, eri\u015filebilir ve ucuz hareketlilikle kentin ya\u015fanabilirli\u011fi ve s\u00fcrd\u00fcr\u00fclebilirli\u011fine katk\u0131 sa\u011flamay\u0131 ama\u00e7l\u0131yor.<\/p>\n<p><strong>Ortak ak\u0131lla olu\u015fturulacak<\/strong><br \/>\nKapsam belirleme ve insan odakl\u0131 hareketlilik verisi toplama, strateji geli\u015ftirme, eylem planlar\u0131 olu\u015fturma ve kapasite geli\u015ftirme gibi a\u015famalar\u0131 olan SUMP \u0130zmir, 2 y\u0131lda tamamlanacak. Plan stratejik belge niteli\u011fi ta\u015f\u0131yacak ve kurumun daha kolay uluslararas\u0131 kredi bulmas\u0131na,\u00a0 kurumsal kapasitesini geli\u015ftirmesine olanak sa\u011flayacak. Ortak akl\u0131 oda\u011f\u0131na alan plan, kentteki sivil toplum kurulu\u015flar\u0131ndan meslek odalar\u0131na kadar 200 payda\u015fla olu\u015fturulacak.<\/p>\n<p>\u0130zmir S\u00fcrd\u00fcr\u00fclebilir Kentsel Hareketlilik Plan\u0131na AB Deste\u011fi Projesi\u2019nin s\u00f6zle\u015fmesi Hollanda, Almanya, Bel\u00e7ika ve T\u00fcrkiye firmalar\u0131ndan olu\u015fan uluslararas\u0131 bir konsorsiyum ile Ula\u015ft\u0131rma ve Altyap\u0131 Bakanl\u0131\u011f\u0131, AB ve D\u0131\u015f \u0130li\u015fkiler Genel M\u00fcd\u00fcrl\u00fc\u011f\u00fc, AB Yat\u0131r\u0131mlar\u0131 Dairesi aras\u0131nda 21 Haziran 2022\u2019de imzalanm\u0131\u015ft\u0131.<\/p>\n<p><strong>Otomobilsiz Kent G\u00fcn\u00fc\u2019nde B\u0130S\u0130M\u2019ler \u00fccretsiz<\/strong><br \/>\n\u0130zmir B\u00fcy\u00fck\u015fehir Belediyesi hafta boyunca etkinliklerle tan\u0131taca\u011f\u0131 Avrupa Hareketlilik Haftas\u0131\u2019n\u0131n son g\u00fcn\u00fcnde, SUMP lansman\u0131n\u0131n ard\u0131ndan Otomobilsiz Kent G\u00fcn\u00fc\u2019n\u00fc kutlayacak. \u0130zmir\u2019de dokuzuncusu d\u00fczenlenen Otomobilsiz Kent G\u00fcn\u00fc\u2019nde trafi\u011fe kapat\u0131lacak Gaziosmanpa\u015fa Bulvar\u0131 \u00e7ocuk yogas\u0131ndan zumbaya, en yava\u015f bisiklet turnuvas\u0131ndan tay-tay bisiklet turnuvas\u0131na kadar g\u00fcn boyu s\u00fcrecek etkinliklerin adresi olacak. Otomobilsiz Kent G\u00fcn\u00fc\u2019nde B\u0130S\u0130M bisikletleri ise \u00fccretsiz hizmet verecek.<\/p>\n<p><strong>Avrupa Hareketlilik Haftas\u0131 yar\u0131n ba\u015fl\u0131yor<\/strong><br \/>\n\u0130zmir B\u00fcy\u00fck\u015fehir Belediyesi, Avrupa Hareketlilik Haftas\u0131\u2019nda fark\u0131ndal\u0131k etkinlikleri d\u00fczenleyecek. Yar\u0131n ba\u015flayacak haftan\u0131n etkinlik takvimi \u015f\u00f6yle:<\/p>\n<p><strong>16 Eyl\u00fcl Cuma Sel\u00e7uk &#8211; Okula Pedalla<\/strong><br \/>\nSel\u00e7uk Cumhuriyet \u0130lkokulu \u00f6\u011frencileri, \u0130zmir B\u00fcy\u00fck\u015fehir Belediyesi personeli g\u00f6zetiminde saat 12:00\u2019de okula pedallayacak.<\/p>\n<p><strong>17 Eyl\u00fcl Cumartesi \u0130zmir kent merkezi bisiklet turu<\/strong><br \/>\nKonak Saat Kulesi\u2019nin \u00f6n\u00fcnde 18:00\u2019de bulu\u015fan bisiklet severler \u0130nciralt\u0131 Kent Orman\u0131\u2019na 7,5 kilometrelik s\u00fcr\u00fc\u015f yapacak.<\/p>\n<p><strong>19-20-21 Eyl\u00fcl \u201c\u0130\u015fe Pedalla\u201d<\/strong><br \/>\n\u0130zmir B\u00fcy\u00fck\u015fehir Belediyesi personeli fark\u0131ndal\u0131\u011f\u0131 kent geneline yaymak i\u00e7in \u00fc\u00e7 g\u00fcn boyunca i\u015fe bisikletle gelip gidecek.<\/p>\n<p><strong>22 Eyl\u00fcl Per\u015fembe Otomobilsiz Kent G\u00fcn\u00fc<\/strong><br \/>\nGaziosmanpa\u015fa Bulvar\u0131\u2019nda sabah 10.00\u2019dan itibaren g\u00fcn boyu etkinlikler yap\u0131lacak.<\/p>\n","protected":false},"excerpt":{"rendered":"<p>\u0130zmir B\u00fcy\u00fck\u015fehir Belediyesi, Avrupa Birli\u011fi ile \u00e7al\u0131\u015fmalar\u0131na ba\u015flad\u0131\u011f\u0131 \u0130zmir S\u00fcrd\u00fcr\u00fclebilir Kentsel Hareketlilik Plan\u0131\u2019n\u0131 22 Eyl\u00fcl\u2019de bas\u0131na tan\u0131tacak. 2 y\u0131lda tamamlanacak plan, kentin daha g\u00fcvenli, temiz ve eri\u015filebilir olmas\u0131na, kurumun ise daha kolay uluslararas\u0131 kredi bulmas\u0131na ve kurumsal kapasitesini geli\u015ftirmesine olanak sa\u011flayacak. Ayn\u0131 g\u00fcn Otomobilsiz Kent G\u00fcn\u00fc de kutlanacak. Kenti s\u00fcrd\u00fcr\u00fclebilir k\u0131lmak i\u00e7in \u00e7al\u0131\u015fmalar\u0131na devam eden \u0130zmir B\u00fcy\u00fck\u015fehir Belediyesi, 16-22 Eyl\u00fcl Avrupa Hareketlilik Haftas\u0131\u2019n\u0131n son g\u00fcn\u00fcnde Avrupa Birli\u011fi (AB) ile y\u00fcr\u00fctt\u00fc\u011f\u00fc[&hellip;]<\/p>\n","protected":false},"author":1,"featured_media":320,"comment_status":"closed","ping_status":"open","sticky":false,"template":"","format":"standard","meta":{"_acf_changed":false,"footnotes":""},"categories":[1],"tags":[],"class_list":["post-319","post","type-post","status-publish","format-standard","has-post-thumbnail","hentry","category-skup-izmir"],"acf":[],"_links":{"self":[{"href":"https:\/\/www.sumpizmir.org\/tr\/wp-json\/wp\/v2\/posts\/319","targetHints":{"allow":["GET"]}}],"collection":[{"href":"https:\/\/www.sumpizmir.org\/tr\/wp-json\/wp\/v2\/posts"}],"about":[{"href":"https:\/\/www.sumpizmir.org\/tr\/wp-json\/wp\/v2\/types\/post"}],"author":[{"embeddable":true,"href":"https:\/\/www.sumpizmir.org\/tr\/wp-json\/wp\/v2\/users\/1"}],"replies":[{"embeddable":true,"href":"https:\/\/www.sumpizmir.org\/tr\/wp-json\/wp\/v2\/comments?post=319"}],"version-history":[{"count":1,"href":"https:\/\/www.sumpizmir.org\/tr\/wp-json\/wp\/v2\/posts\/319\/revisions"}],"predecessor-version":[{"id":321,"href":"https:\/\/www.sumpizmir.org\/tr\/wp-json\/wp\/v2\/posts\/319\/revisions\/321"}],"wp:featuredmedia":[{"embeddable":true,"href":"https:\/\/www.sumpizmir.org\/tr\/wp-json\/wp\/v2\/media\/320"}],"wp:attachment":[{"href":"https:\/\/www.sumpizmir.org\/tr\/wp-json\/wp\/v2\/media?parent=319"}],"wp:term":[{"taxonomy":"category","embeddable":true,"href":"https:\/\/www.sumpizmir.org\/tr\/wp-json\/wp\/v2\/categories?post=319"},{"taxonomy":"post_tag","embeddable":true,"href":"https:\/\/www.sumpizmir.org\/tr\/wp-json\/wp\/v2\/tags?post=319"}],"curies":[{"name":"wp","href":"https:\/\/api.w.org\/{rel}","templated":true}]}}