{"id":313,"date":"2020-09-16T16:41:57","date_gmt":"2020-09-16T13:41:57","guid":{"rendered":"https:\/\/www.sumpizmir.org\/tr\/?p=313"},"modified":"2024-05-30T16:44:44","modified_gmt":"2024-05-30T13:44:44","slug":"izmirin-kent-vizyonuna-avrupadan-hibe","status":"publish","type":"post","link":"https:\/\/www.sumpizmir.org\/tr\/2020\/09\/16\/izmirin-kent-vizyonuna-avrupadan-hibe\/","title":{"rendered":"\u0130zmir\u2019in Kent Vizyonuna Avrupa\u2019dan Hibe"},"content":{"rendered":"<p>\u0130zmir B\u00fcy\u00fck\u015fehir Belediyesi\u2019nin s\u00fcrd\u00fcr\u00fclebilir ve \u00e7evreci ula\u015f\u0131m vizyonu Avrupa\u2019n\u0131n dikkatini \u00e7ekti. B\u00fcy\u00fck\u015fehir\u2019in haz\u0131rlayaca\u011f\u0131 S\u00fcrd\u00fcr\u00fclebilir Kentsel Hareketlilik Plan\u0131, Avrupa Birli\u011fi\u2019nin (AB), S\u00fcrd\u00fcr\u00fclebilir Kentsel Hareketlilik Plan\u0131 (SUMP) program\u0131ndan yakla\u015f\u0131k 3 milyon Euro\u2019luk hibe almaya hak kazand\u0131. S\u00fcrecin ilk ad\u0131m\u0131 olarak kente gelen AB uzmanlar\u0131, plan haz\u0131rl\u0131\u011f\u0131nda g\u00f6rev yapacak personele SUMP e\u011fitimi verdi.<\/p>\n<p><img decoding=\"async\" class=\"aligncenter wp-image-314 size-large\" src=\"http:\/\/www.sumpizmir.org\/tr\/wp-content\/uploads\/2024\/04\/16092020_103733_3-1024x682.jpeg\" alt=\"\" width=\"847\" height=\"564\" srcset=\"https:\/\/www.sumpizmir.org\/tr\/wp-content\/uploads\/2024\/04\/16092020_103733_3-1024x682.jpeg 1024w, https:\/\/www.sumpizmir.org\/tr\/wp-content\/uploads\/2024\/04\/16092020_103733_3-300x200.jpeg 300w, https:\/\/www.sumpizmir.org\/tr\/wp-content\/uploads\/2024\/04\/16092020_103733_3-768x512.jpeg 768w, https:\/\/www.sumpizmir.org\/tr\/wp-content\/uploads\/2024\/04\/16092020_103733_3-1536x1023.jpeg 1536w, https:\/\/www.sumpizmir.org\/tr\/wp-content\/uploads\/2024\/04\/16092020_103733_3-770x513.jpeg 770w, https:\/\/www.sumpizmir.org\/tr\/wp-content\/uploads\/2024\/04\/16092020_103733_3.jpeg 1600w\" sizes=\"(max-width: 847px) 100vw, 847px\" \/><\/p>\n<p>Avrupa Birli\u011fi\u2019nin, 2018 y\u0131l\u0131nda, Ula\u015ft\u0131rma ve Altyap\u0131 Bakanl\u0131\u011f\u0131 arac\u0131l\u0131\u011f\u0131yla \u00e7\u0131kt\u0131\u011f\u0131 teklif \u00e7a\u011fr\u0131s\u0131na, T\u00fcrkiye\u2019den pek \u00e7ok yerel y\u00f6netim taslak projeleriyle kat\u0131ld\u0131. Yap\u0131lan de\u011ferlendirme sonucu yaln\u0131zca \u0130zmir B\u00fcy\u00fck\u015fehir Belediyesi\u2019nin haz\u0131rlad\u0131\u011f\u0131 \u201cS\u00fcrd\u00fcr\u00fclebilir Kentsel Hareketlilik Plan\u0131 (SUMP) geli\u015ftirilmesi ve planlama personeli i\u00e7in e\u011fitim ve kapasite geli\u015ftirme \u00e7al\u0131\u015fmalar\u0131 i\u00e7in teknik destek&#8221; ba\u015fl\u0131kl\u0131 proje, AB\u2019den 3 milyon 199 bin 845 Euro hibe almaya hak kazand\u0131.<\/p>\n<p>\u00c7al\u0131\u015fmalar\u0131n ilk ad\u0131m\u0131 olarak Urla K\u00f6stem Zeytinya\u011f\u0131 M\u00fczesi\u2019nde \u201cSUMP \u0130zmir \u00c7al\u0131\u015ftay\u0131\u201d d\u00fczenlendi. Avrupa Birli\u011fi T\u00fcrkiye Delegasyonu ve \u0130zmir B\u00fcy\u00fck\u015fehir Belediyesi Ula\u015f\u0131m Dairesi Ba\u015fkanl\u0131\u011f\u0131\u2019n\u0131n organize etti\u011fi \u00fc\u00e7 g\u00fcnl\u00fck \u00e7al\u0131\u015ftaya, Ula\u015f\u0131m Dairesi Ba\u015fkan\u0131 Mert Yaygel, ESHOT Genel M\u00fcd\u00fcr\u00fc Erhan Bey, \u0130ZULA\u015e A.\u015e. Genel M\u00fcd\u00fcr\u00fc Arda \u015eekercio\u011flu, \u0130zmir Metro A.\u015e. Genel M\u00fcd\u00fcr\u00fc S\u00f6nmez Alev ve \u0130ZDEN\u0130Z Genel M\u00fcd\u00fcr\u00fc \u0130lyas Murtezao\u011flu ile plan haz\u0131rl\u0131\u011f\u0131nda \u00e7al\u0131\u015facak teknik personel kat\u0131ld\u0131. AB SUMP Uzman\u0131 Kristiana Chakarova ile AB T\u00fcrkiye Delegasyonu Ula\u015f\u0131m Sekt\u00f6r\u00fc Y\u00f6neticisi G\u00f6ktu\u011f Kara, SUMP\u2019un \u00f6z\u00fc, ilkeleri, a\u015famalar\u0131 ve kentlere katk\u0131s\u0131 konular\u0131nda bilgiler verdi.<\/p>\n<p><strong>T\u00fcrkiye\u2019de ilk ve tek<\/strong><br \/>\n\u0130zmir\u2019in, T\u00fcrkiye\u2019de SUMP projesi haz\u0131rlayacak \u00f6nemli birka\u00e7 kentten biri ve bu yolda AB\u2019den destek alan ilk ve tek kent oldu\u011funu vurgulayan \u0130zmir B\u00fcy\u00fck\u015fehir Belediyesi Genel Sekreter Yard\u0131mc\u0131s\u0131 Eser Atak, projenin \u00f6nemini \u015fu s\u00f6zlerle anlatt\u0131: \u201cYak\u0131n ge\u00e7mi\u015fte, kentlerin bir\u00e7o\u011funda fosil yak\u0131t ve otomobil trafi\u011fini esas alan ula\u015f\u0131m yakla\u015f\u0131mlar\u0131 egemendi. Bu yakla\u015f\u0131m, hava kalitesinin k\u00f6t\u00fcle\u015fmesine, \u015fehrin otomobiller taraf\u0131ndan i\u015fgaline, \u00f6l\u00fcml\u00fc ve yaralanmal\u0131 kazalar\u0131n artmas\u0131na, trafik s\u0131k\u0131\u015f\u0131kl\u0131\u011f\u0131na, g\u00fcr\u00fclt\u00fcye, yaya, bisikletli ve engelli hareketlili\u011finin k\u0131s\u0131tlanmas\u0131na neden olan ve toplumsal e\u015fitli\u011fi zedeleyen sonu\u00e7lar yaratt\u0131. T\u00fcm bu olumsuzluklar\u0131n \u00f6n\u00fcne ge\u00e7meyi, otomobile ba\u011f\u0131ml\u0131 kentsel geli\u015fim ve ula\u015f\u0131m modeline alternatif \u00fcretmeyi, ekonomik ve \u00e7evresel s\u00fcrd\u00fcr\u00fclebilirli\u011fi m\u00fcmk\u00fcn k\u0131lmay\u0131 ama\u00e7layan SUMP, bug\u00fcn Avrupa\u2019n\u0131n bir\u00e7ok kentinde benimsendi ve ula\u015f\u0131m ana planlar\u0131n\u0131n yerini ald\u0131. En basit anlat\u0131m\u0131 ile SUMP, \u2018yenilik\u00e7i, stratejik bir ula\u015f\u0131m master plan\u0131\u2019 olarak tan\u0131mlanabilir. Daha iyi bir ya\u015fam kalitesi yolunda \u015fehirlerdeki ve \u00e7evrelerindeki insanlar\u0131n ve i\u015fletmelerin hareketlilik gereksinimlerini kar\u015f\u0131lamak i\u00e7in tasarlanm\u0131\u015f bir strateji plan\u0131d\u0131r.\u201d<\/p>\n<p><img decoding=\"async\" class=\"aligncenter wp-image-316 size-large\" src=\"http:\/\/www.sumpizmir.org\/tr\/wp-content\/uploads\/2024\/04\/16092020_103757_1-1024x700.jpeg\" alt=\"\" width=\"847\" height=\"579\" srcset=\"https:\/\/www.sumpizmir.org\/tr\/wp-content\/uploads\/2024\/04\/16092020_103757_1-1024x700.jpeg 1024w, https:\/\/www.sumpizmir.org\/tr\/wp-content\/uploads\/2024\/04\/16092020_103757_1-300x205.jpeg 300w, https:\/\/www.sumpizmir.org\/tr\/wp-content\/uploads\/2024\/04\/16092020_103757_1-768x525.jpeg 768w, https:\/\/www.sumpizmir.org\/tr\/wp-content\/uploads\/2024\/04\/16092020_103757_1-1536x1049.jpeg 1536w, https:\/\/www.sumpizmir.org\/tr\/wp-content\/uploads\/2024\/04\/16092020_103757_1-770x526.jpeg 770w, https:\/\/www.sumpizmir.org\/tr\/wp-content\/uploads\/2024\/04\/16092020_103757_1.jpeg 1600w\" sizes=\"(max-width: 847px) 100vw, 847px\" \/><br \/>\n<strong>\u2018\u0130nsan\u2019 odakl\u0131 planlama<\/strong><br \/>\n\u0130zmir\u2019in zaten var olan entegre toplu ta\u015f\u0131ma, bisikletli ve yaya ula\u015f\u0131m vizyonunun, SUMP projesiyle bire bir \u00f6rt\u00fc\u015ft\u00fc\u011f\u00fcn\u00fc vurgulayan Atak, \u201c\u0130zmir S\u00fcrd\u00fcr\u00fclebilir Kentsel Hareketlilik Plan\u0131 (SUMP \u0130zmir) iki y\u0131lda haz\u0131rlanacak. \u00c7al\u0131\u015fmalar\u0131n mali kayna\u011f\u0131, AB\u2019den sa\u011flanacak hibeyle kar\u015f\u0131lanacak. Plan\u0131m\u0131z\u0131n temel hedefi; sosyal, \u00e7evresel ve ekonomik olarak s\u00fcrd\u00fcr\u00fclebilir bir \u2018\u0130zmir Ula\u015f\u0131m Vizyonu\u2019 geli\u015ftirilmesi\u2026 \u00d6z\u00fcnde; bireysel otomobil kullan\u0131m\u0131n\u0131n azalt\u0131lmas\u0131, toplu ta\u015f\u0131ma, bisiklet ve yaya eri\u015fiminin art\u0131r\u0131lmas\u0131, payla\u015f\u0131ml\u0131 mikro mobilite olanaklar\u0131n\u0131n geli\u015ftirilmesi ve ara\u00e7 de\u011fil insan odakl\u0131 kent merkezi yarat\u0131lmas\u0131 ilkeleri var. S\u00fcre\u00e7; entegrasyon, kat\u0131l\u0131m ve de\u011ferlendirme ilkelerini de dikkate al\u0131yor\u201d dedi.<\/p>\n","protected":false},"excerpt":{"rendered":"<p>\u0130zmir B\u00fcy\u00fck\u015fehir Belediyesi\u2019nin s\u00fcrd\u00fcr\u00fclebilir ve \u00e7evreci ula\u015f\u0131m vizyonu Avrupa\u2019n\u0131n dikkatini \u00e7ekti. B\u00fcy\u00fck\u015fehir\u2019in haz\u0131rlayaca\u011f\u0131 S\u00fcrd\u00fcr\u00fclebilir Kentsel Hareketlilik Plan\u0131, Avrupa Birli\u011fi\u2019nin (AB), S\u00fcrd\u00fcr\u00fclebilir Kentsel Hareketlilik Plan\u0131 (SUMP) program\u0131ndan yakla\u015f\u0131k 3 milyon Euro\u2019luk hibe almaya hak kazand\u0131. S\u00fcrecin ilk ad\u0131m\u0131 olarak kente gelen AB uzmanlar\u0131, plan haz\u0131rl\u0131\u011f\u0131nda g\u00f6rev yapacak personele SUMP e\u011fitimi verdi. Avrupa Birli\u011fi\u2019nin, 2018 y\u0131l\u0131nda, Ula\u015ft\u0131rma ve Altyap\u0131 Bakanl\u0131\u011f\u0131 arac\u0131l\u0131\u011f\u0131yla \u00e7\u0131kt\u0131\u011f\u0131 teklif \u00e7a\u011fr\u0131s\u0131na, T\u00fcrkiye\u2019den pek \u00e7ok yerel y\u00f6netim taslak projeleriyle kat\u0131ld\u0131.[&hellip;]<\/p>\n","protected":false},"author":1,"featured_media":315,"comment_status":"closed","ping_status":"open","sticky":false,"template":"","format":"standard","meta":{"_acf_changed":false,"footnotes":""},"categories":[1],"tags":[],"class_list":["post-313","post","type-post","status-publish","format-standard","has-post-thumbnail","hentry","category-skup-izmir"],"acf":[],"_links":{"self":[{"href":"https:\/\/www.sumpizmir.org\/tr\/wp-json\/wp\/v2\/posts\/313","targetHints":{"allow":["GET"]}}],"collection":[{"href":"https:\/\/www.sumpizmir.org\/tr\/wp-json\/wp\/v2\/posts"}],"about":[{"href":"https:\/\/www.sumpizmir.org\/tr\/wp-json\/wp\/v2\/types\/post"}],"author":[{"embeddable":true,"href":"https:\/\/www.sumpizmir.org\/tr\/wp-json\/wp\/v2\/users\/1"}],"replies":[{"embeddable":true,"href":"https:\/\/www.sumpizmir.org\/tr\/wp-json\/wp\/v2\/comments?post=313"}],"version-history":[{"count":2,"href":"https:\/\/www.sumpizmir.org\/tr\/wp-json\/wp\/v2\/posts\/313\/revisions"}],"predecessor-version":[{"id":969,"href":"https:\/\/www.sumpizmir.org\/tr\/wp-json\/wp\/v2\/posts\/313\/revisions\/969"}],"wp:featuredmedia":[{"embeddable":true,"href":"https:\/\/www.sumpizmir.org\/tr\/wp-json\/wp\/v2\/media\/315"}],"wp:attachment":[{"href":"https:\/\/www.sumpizmir.org\/tr\/wp-json\/wp\/v2\/media?parent=313"}],"wp:term":[{"taxonomy":"category","embeddable":true,"href":"https:\/\/www.sumpizmir.org\/tr\/wp-json\/wp\/v2\/categories?post=313"},{"taxonomy":"post_tag","embeddable":true,"href":"https:\/\/www.sumpizmir.org\/tr\/wp-json\/wp\/v2\/tags?post=313"}],"curies":[{"name":"wp","href":"https:\/\/api.w.org\/{rel}","templated":true}]}}