{"id":1601,"date":"2025-03-12T14:04:14","date_gmt":"2025-03-12T11:04:14","guid":{"rendered":"https:\/\/www.sumpizmir.org\/tr\/?p=1601"},"modified":"2025-03-12T15:08:21","modified_gmt":"2025-03-12T12:08:21","slug":"izmir-surdurulebilir-kentsel-ulasim-plani-skup-izmir-kapsaminda-gelistirilen-mavi-yesil-koridor-onerilerine-yonelik-tasarim-atolyesi-ve-poster-sergisi-cagrisi","status":"publish","type":"post","link":"https:\/\/www.sumpizmir.org\/tr\/2025\/03\/12\/izmir-surdurulebilir-kentsel-ulasim-plani-skup-izmir-kapsaminda-gelistirilen-mavi-yesil-koridor-onerilerine-yonelik-tasarim-atolyesi-ve-poster-sergisi-cagrisi\/","title":{"rendered":"\u0130ZM\u0130R S\u00dcRD\u00dcR\u00dcLEB\u0130L\u0130R KENTSEL ULA\u015eIM PLANI (SKUp \u0130ZM\u0130R) KAPSAMINDA GEL\u0130\u015eT\u0130R\u0130LEN MAV\u0130 YE\u015e\u0130L KOR\u0130DOR \u00d6NER\u0130LER\u0130NE Y\u00d6NEL\u0130K TASARIM AT\u00d6LYES\u0130 VE POSTER SERG\u0130S\u0130 \u00c7A\u011eRISI"},"content":{"rendered":"<p>Bu \u00e7a\u011fr\u0131, \u0130zmir\u2019de bulunan \u00fcniversitelerin Mimarl\u0131k Fak\u00fcltesi, \u00f6zellikle \u015eehir ve B\u00f6lge Planlama, Mimarl\u0131k<br \/>\nve Peyzaj Mimarl\u0131\u011f\u0131 B\u00f6l\u00fcmleri \u00f6\u011frencilerine y\u00f6neliktir.<\/p>\n<p>T\u00fcrkiye-Avrupa Birli\u011fi Mali \u0130\u015fbirli\u011fi IPA II (2014-2020) D\u00f6nemi kapsam\u0131nda ger\u00e7ekle\u015ftirilmekte olan ve<br \/>\n\u00e7al\u0131\u015fmalar\u0131 \u0130zmir B\u00fcy\u00fck\u015fehir Belediyesi b\u00fcnyesinde y\u00fcr\u00fct\u00fclen; &#8220;EU Support to \u0130zmir Sustainable Urban<br \/>\nMobility Plan (SUMP \u0130zmir) &#8211; \u0130zmir S\u00fcrd\u00fcr\u00fclebilir Kentsel Ula\u015f\u0131m Plan\u0131na AB Deste\u011fi (SKUp \u0130zmir)&#8221; projesi<br \/>\nkapsam\u0131ndaki \u201cMavi Ye\u015fil Koridor\u201d \u00f6nerilerinin \u00fcniversite \u00f6\u011frencilerinin kat\u0131l\u0131m\u0131yla tasar\u0131m at\u00f6lyesi ve<br \/>\nposter sergisi do\u011frultusunda geli\u015ftirilmesi ama\u00e7lanmaktad\u0131r.<\/p>\n<p>Final posterler, 18 Nisan 2025 tarihinde ger\u00e7ekle\u015ftirilmesi planlanan \u0130zmir S\u00fcrd\u00fcr\u00fclebilir Kentsel Ula\u015f\u0131m<br \/>\nPlan\u0131 (SKUp\u0130zmir) Kapan\u0131\u015f Etkinli\u011finde sergilenecektir.<br \/>\nT\u00fcm kat\u0131l\u0131mc\u0131lara Kat\u0131l\u0131m Sertifikas\u0131 verilecektir.<br \/>\n\u00c7a\u011fr\u0131 lisans, y\u00fcksek lisans ve doktora \u00f6\u011frencilerine a\u00e7\u0131kt\u0131r. Bir ekip en fazla 4 (d\u00f6rt) ki\u015fiden olu\u015fabilir. Farkl\u0131<br \/>\ndisiplinlerden \u00f6\u011frencilerin i\u015fbirli\u011fi i\u00e7inde \u00e7al\u0131\u015facaklar\u0131 \u00e7al\u0131\u015fma ekipleri kurmalar\u0131 te\u015fvik edilmektedir.<\/p>\n<p>\u00c7al\u0131\u015fmaya kat\u0131lacak ekiplerin ba\u015fvurular\u0131n\u0131 17 Mart 2025 Pazartesi g\u00fcn\u00fc saat 16.00\u2019a kadar sumpizmir@izmir.bel.tr adresine iletmeleri gerekmektedir.<\/p>\n<p>Ba\u015fvuru esnas\u0131nda iletilmesi beklenen bilgi ve belgeler ayr\u0131nt\u0131l\u0131 \u00e7a\u011fr\u0131 metninde yer almaktad\u0131r.<\/p>\n<p>\u00c7a\u011fr\u0131 Metni: <a href=\"http:\/\/www.sumpizmir.org\/tr\/wp-content\/uploads\/2025\/03\/Mavi-Yesil-Koridorlar-2.pdf\">Mavi Ye\u015fil Koridorlar<\/a><\/p>\n<p>Sorular i\u00e7in irtibat numaras\u0131: 02322936084.<\/p>\n","protected":false},"excerpt":{"rendered":"<p>Bu \u00e7a\u011fr\u0131, \u0130zmir\u2019de bulunan \u00fcniversitelerin Mimarl\u0131k Fak\u00fcltesi, \u00f6zellikle \u015eehir ve B\u00f6lge Planlama, Mimarl\u0131k ve Peyzaj Mimarl\u0131\u011f\u0131 B\u00f6l\u00fcmleri \u00f6\u011frencilerine y\u00f6neliktir. T\u00fcrkiye-Avrupa Birli\u011fi Mali \u0130\u015fbirli\u011fi IPA II (2014-2020) D\u00f6nemi kapsam\u0131nda ger\u00e7ekle\u015ftirilmekte olan ve \u00e7al\u0131\u015fmalar\u0131 \u0130zmir B\u00fcy\u00fck\u015fehir Belediyesi b\u00fcnyesinde y\u00fcr\u00fct\u00fclen; &#8220;EU Support to \u0130zmir Sustainable Urban Mobility Plan (SUMP \u0130zmir) &#8211; \u0130zmir S\u00fcrd\u00fcr\u00fclebilir Kentsel Ula\u015f\u0131m Plan\u0131na AB Deste\u011fi (SKUp \u0130zmir)&#8221; projesi kapsam\u0131ndaki \u201cMavi Ye\u015fil Koridor\u201d \u00f6nerilerinin \u00fcniversite \u00f6\u011frencilerinin kat\u0131l\u0131m\u0131yla tasar\u0131m at\u00f6lyesi ve poster[&hellip;]<\/p>\n","protected":false},"author":2,"featured_media":1606,"comment_status":"closed","ping_status":"open","sticky":false,"template":"","format":"standard","meta":{"_acf_changed":false,"footnotes":""},"categories":[1],"tags":[],"class_list":["post-1601","post","type-post","status-publish","format-standard","has-post-thumbnail","hentry","category-skup-izmir"],"acf":[],"_links":{"self":[{"href":"https:\/\/www.sumpizmir.org\/tr\/wp-json\/wp\/v2\/posts\/1601","targetHints":{"allow":["GET"]}}],"collection":[{"href":"https:\/\/www.sumpizmir.org\/tr\/wp-json\/wp\/v2\/posts"}],"about":[{"href":"https:\/\/www.sumpizmir.org\/tr\/wp-json\/wp\/v2\/types\/post"}],"author":[{"embeddable":true,"href":"https:\/\/www.sumpizmir.org\/tr\/wp-json\/wp\/v2\/users\/2"}],"replies":[{"embeddable":true,"href":"https:\/\/www.sumpizmir.org\/tr\/wp-json\/wp\/v2\/comments?post=1601"}],"version-history":[{"count":3,"href":"https:\/\/www.sumpizmir.org\/tr\/wp-json\/wp\/v2\/posts\/1601\/revisions"}],"predecessor-version":[{"id":1612,"href":"https:\/\/www.sumpizmir.org\/tr\/wp-json\/wp\/v2\/posts\/1601\/revisions\/1612"}],"wp:featuredmedia":[{"embeddable":true,"href":"https:\/\/www.sumpizmir.org\/tr\/wp-json\/wp\/v2\/media\/1606"}],"wp:attachment":[{"href":"https:\/\/www.sumpizmir.org\/tr\/wp-json\/wp\/v2\/media?parent=1601"}],"wp:term":[{"taxonomy":"category","embeddable":true,"href":"https:\/\/www.sumpizmir.org\/tr\/wp-json\/wp\/v2\/categories?post=1601"},{"taxonomy":"post_tag","embeddable":true,"href":"https:\/\/www.sumpizmir.org\/tr\/wp-json\/wp\/v2\/tags?post=1601"}],"curies":[{"name":"wp","href":"https:\/\/api.w.org\/{rel}","templated":true}]}}