{"id":1596,"date":"2025-03-01T16:18:11","date_gmt":"2025-03-01T13:18:11","guid":{"rendered":"https:\/\/www.sumpizmir.org\/tr\/?p=1596"},"modified":"2025-03-06T16:20:17","modified_gmt":"2025-03-06T13:20:17","slug":"15-birimler-arasi-calisma-grubu","status":"publish","type":"post","link":"https:\/\/www.sumpizmir.org\/tr\/2025\/03\/01\/15-birimler-arasi-calisma-grubu\/","title":{"rendered":"15. Birimler Aras\u0131 \u00c7al\u0131\u015fma Grubu"},"content":{"rendered":"<blockquote>\n<div dir=\"ltr\">\n<div dir=\"ltr\">\n<div dir=\"ltr\">\n<div dir=\"ltr\">\n<div>\n<blockquote>\n<div dir=\"ltr\">\n<div>\n<div dir=\"auto\">\n<p><span data-olk-copy-source=\"MessageBody\">SKUp \u0130zmir Projesinin 15. ve Nihai Birimler Aras\u0131 \u00c7al\u0131\u015fma Grubu (BA\u00c7G) Toplant\u0131s\u0131, \u0130zmir B\u00fcy\u00fck\u015fehir Belediyesinin ilgili birimleri ve i\u015ftirakleri ile ilgili il\u00e7e belediyelerinden uzmanlar\u0131n kat\u0131l\u0131m\u0131yla ger\u00e7ekle\u015ftirildi. Toplant\u0131, SKUp \u0130zmir Projesi Tak\u0131m Lideri Prof. Dr. Ela Babal\u0131k ve Anahtar Uzman Dr.\u00a0Susanne B\u00f6hler-Baedeker taraf\u0131ndan y\u00fcr\u00fct\u00fcld\u00fc.\u00a0<\/span><u><\/u><u><\/u><\/p>\n<div>\n<p>Toplant\u0131da projenin ilerleyen faaliyetleri, nihai tedbirler listesinin kapsad\u0131\u011f\u0131 tedbirlerin uygulama alanlar\u0131n\u0131 belirten haritalar ve mali plan \u00fczerine \u00e7\u0131kt\u0131lar hakk\u0131nda bilgiler sunuldu.\u00a0<u><\/u><u><\/u><\/p>\n<\/div>\n<div>\n<p>Kat\u0131l\u0131mc\u0131lar\u0131n y\u00f6neltti\u011fi de\u011ferli sorular ve geri bildirimlerin al\u0131nmas\u0131na y\u00f6nelik bir oturumla toplant\u0131 sonu\u00e7land\u0131r\u0131ld\u0131.<\/p>\n<\/div>\n<\/div>\n<\/div>\n<\/div>\n<\/blockquote>\n<\/div>\n<\/div>\n<\/div>\n<\/div>\n<\/div>\n<\/blockquote>\n","protected":false},"excerpt":{"rendered":"<p>SKUp \u0130zmir Projesinin 15. ve Nihai Birimler Aras\u0131 \u00c7al\u0131\u015fma Grubu (BA\u00c7G) Toplant\u0131s\u0131, \u0130zmir B\u00fcy\u00fck\u015fehir Belediyesinin ilgili birimleri ve i\u015ftirakleri ile ilgili il\u00e7e belediyelerinden uzmanlar\u0131n kat\u0131l\u0131m\u0131yla ger\u00e7ekle\u015ftirildi. Toplant\u0131, SKUp \u0130zmir Projesi Tak\u0131m Lideri Prof. Dr. Ela Babal\u0131k ve Anahtar Uzman Dr.\u00a0Susanne B\u00f6hler-Baedeker taraf\u0131ndan y\u00fcr\u00fct\u00fcld\u00fc.\u00a0 Toplant\u0131da projenin ilerleyen faaliyetleri, nihai tedbirler listesinin kapsad\u0131\u011f\u0131 tedbirlerin uygulama alanlar\u0131n\u0131 belirten haritalar ve mali plan \u00fczerine \u00e7\u0131kt\u0131lar hakk\u0131nda bilgiler sunuldu.\u00a0 Kat\u0131l\u0131mc\u0131lar\u0131n y\u00f6neltti\u011fi de\u011ferli sorular ve geri[&hellip;]<\/p>\n","protected":false},"author":2,"featured_media":1597,"comment_status":"closed","ping_status":"open","sticky":false,"template":"","format":"standard","meta":{"_acf_changed":false,"footnotes":""},"categories":[1],"tags":[],"class_list":["post-1596","post","type-post","status-publish","format-standard","has-post-thumbnail","hentry","category-skup-izmir"],"acf":[],"_links":{"self":[{"href":"https:\/\/www.sumpizmir.org\/tr\/wp-json\/wp\/v2\/posts\/1596","targetHints":{"allow":["GET"]}}],"collection":[{"href":"https:\/\/www.sumpizmir.org\/tr\/wp-json\/wp\/v2\/posts"}],"about":[{"href":"https:\/\/www.sumpizmir.org\/tr\/wp-json\/wp\/v2\/types\/post"}],"author":[{"embeddable":true,"href":"https:\/\/www.sumpizmir.org\/tr\/wp-json\/wp\/v2\/users\/2"}],"replies":[{"embeddable":true,"href":"https:\/\/www.sumpizmir.org\/tr\/wp-json\/wp\/v2\/comments?post=1596"}],"version-history":[{"count":1,"href":"https:\/\/www.sumpizmir.org\/tr\/wp-json\/wp\/v2\/posts\/1596\/revisions"}],"predecessor-version":[{"id":1599,"href":"https:\/\/www.sumpizmir.org\/tr\/wp-json\/wp\/v2\/posts\/1596\/revisions\/1599"}],"wp:featuredmedia":[{"embeddable":true,"href":"https:\/\/www.sumpizmir.org\/tr\/wp-json\/wp\/v2\/media\/1597"}],"wp:attachment":[{"href":"https:\/\/www.sumpizmir.org\/tr\/wp-json\/wp\/v2\/media?parent=1596"}],"wp:term":[{"taxonomy":"category","embeddable":true,"href":"https:\/\/www.sumpizmir.org\/tr\/wp-json\/wp\/v2\/categories?post=1596"},{"taxonomy":"post_tag","embeddable":true,"href":"https:\/\/www.sumpizmir.org\/tr\/wp-json\/wp\/v2\/tags?post=1596"}],"curies":[{"name":"wp","href":"https:\/\/api.w.org\/{rel}","templated":true}]}}