{"id":1588,"date":"2025-02-18T16:42:32","date_gmt":"2025-02-18T13:42:32","guid":{"rendered":"https:\/\/www.sumpizmir.org\/tr\/?p=1588"},"modified":"2025-02-27T16:44:33","modified_gmt":"2025-02-27T13:44:33","slug":"ulasimda-direnclilik-egitimi","status":"publish","type":"post","link":"https:\/\/www.sumpizmir.org\/tr\/2025\/02\/18\/ulasimda-direnclilik-egitimi\/","title":{"rendered":"Ula\u015f\u0131mda Diren\u00e7lilik E\u011fitimi"},"content":{"rendered":"<p>SKUp \u0130zmir Projesi kapsam\u0131nda \u00fc\u00e7 g\u00fcn s\u00fcren \u201cUla\u015f\u0131mda Diren\u00e7lilik\u201d e\u011fitimi Do\u00e7 Dr. Meltem \u015eenol Balaban ve Prof. Dr. Ela Babal\u0131k taraf\u0131ndan, \u0130zmir B\u00fcy\u00fck\u015fehir Belediyesinin ilgili birimleri ve i\u015ftirakleri ile il\u00e7e belediyelerinden uzmanlar\u0131n kat\u0131l\u0131m\u0131yla ger\u00e7ekle\u015ftirildi.<\/p>\n<p>E\u011fitimde, ula\u015f\u0131m altyap\u0131lar\u0131n\u0131n depreme ve iklime kar\u015f\u0131 direncini artt\u0131rmaya y\u00f6nelik temel diren\u00e7 kavramlar\u0131, risk de\u011ferlendirme y\u00f6ntemleri ve planlama yakla\u015f\u0131mlar\u0131 ele al\u0131nd\u0131. Kat\u0131l\u0131mc\u0131lar, k\u00fcresel ve yerel en iyi uygulama \u00f6rnekleri ile m\u00fchendislik ve do\u011fa temelli \u00e7\u00f6z\u00fcmleri, hafif tedbirleri ve acil durum ve afet y\u00f6netimi stratejilerini de\u011ferlendirdi. Kat\u0131l\u0131mc\u0131lar, etkile\u015fimli oturumlar ve uygulamal\u0131 bir planlama \u00e7al\u0131\u015fmas\u0131 ile diren\u00e7lili\u011fin \u0130zmir&#8217;in ula\u015f\u0131m sistemine entegre edilmesi konusuna \u00e7al\u0131\u015fma yapt\u0131.<\/p>\n<p>&nbsp;<\/p>\n","protected":false},"excerpt":{"rendered":"<p>SKUp \u0130zmir Projesi kapsam\u0131nda \u00fc\u00e7 g\u00fcn s\u00fcren \u201cUla\u015f\u0131mda Diren\u00e7lilik\u201d e\u011fitimi Do\u00e7 Dr. Meltem \u015eenol Balaban ve Prof. Dr. Ela Babal\u0131k taraf\u0131ndan, \u0130zmir B\u00fcy\u00fck\u015fehir Belediyesinin ilgili birimleri ve i\u015ftirakleri ile il\u00e7e belediyelerinden uzmanlar\u0131n kat\u0131l\u0131m\u0131yla ger\u00e7ekle\u015ftirildi. E\u011fitimde, ula\u015f\u0131m altyap\u0131lar\u0131n\u0131n depreme ve iklime kar\u015f\u0131 direncini artt\u0131rmaya y\u00f6nelik temel diren\u00e7 kavramlar\u0131, risk de\u011ferlendirme y\u00f6ntemleri ve planlama yakla\u015f\u0131mlar\u0131 ele al\u0131nd\u0131. Kat\u0131l\u0131mc\u0131lar, k\u00fcresel ve yerel en iyi uygulama \u00f6rnekleri ile m\u00fchendislik ve do\u011fa temelli \u00e7\u00f6z\u00fcmleri, hafif[&hellip;]<\/p>\n","protected":false},"author":2,"featured_media":1589,"comment_status":"closed","ping_status":"open","sticky":false,"template":"","format":"standard","meta":{"_acf_changed":false,"footnotes":""},"categories":[1],"tags":[],"class_list":["post-1588","post","type-post","status-publish","format-standard","has-post-thumbnail","hentry","category-skup-izmir"],"acf":[],"_links":{"self":[{"href":"https:\/\/www.sumpizmir.org\/tr\/wp-json\/wp\/v2\/posts\/1588","targetHints":{"allow":["GET"]}}],"collection":[{"href":"https:\/\/www.sumpizmir.org\/tr\/wp-json\/wp\/v2\/posts"}],"about":[{"href":"https:\/\/www.sumpizmir.org\/tr\/wp-json\/wp\/v2\/types\/post"}],"author":[{"embeddable":true,"href":"https:\/\/www.sumpizmir.org\/tr\/wp-json\/wp\/v2\/users\/2"}],"replies":[{"embeddable":true,"href":"https:\/\/www.sumpizmir.org\/tr\/wp-json\/wp\/v2\/comments?post=1588"}],"version-history":[{"count":1,"href":"https:\/\/www.sumpizmir.org\/tr\/wp-json\/wp\/v2\/posts\/1588\/revisions"}],"predecessor-version":[{"id":1591,"href":"https:\/\/www.sumpizmir.org\/tr\/wp-json\/wp\/v2\/posts\/1588\/revisions\/1591"}],"wp:featuredmedia":[{"embeddable":true,"href":"https:\/\/www.sumpizmir.org\/tr\/wp-json\/wp\/v2\/media\/1589"}],"wp:attachment":[{"href":"https:\/\/www.sumpizmir.org\/tr\/wp-json\/wp\/v2\/media?parent=1588"}],"wp:term":[{"taxonomy":"category","embeddable":true,"href":"https:\/\/www.sumpizmir.org\/tr\/wp-json\/wp\/v2\/categories?post=1588"},{"taxonomy":"post_tag","embeddable":true,"href":"https:\/\/www.sumpizmir.org\/tr\/wp-json\/wp\/v2\/tags?post=1588"}],"curies":[{"name":"wp","href":"https:\/\/api.w.org\/{rel}","templated":true}]}}