{"id":1571,"date":"2025-01-15T16:46:31","date_gmt":"2025-01-15T13:46:31","guid":{"rendered":"https:\/\/www.sumpizmir.org\/tr\/?p=1571"},"modified":"2025-01-23T16:50:41","modified_gmt":"2025-01-23T13:50:41","slug":"14-birimler-arasi-calisma-grubu-bacg","status":"publish","type":"post","link":"https:\/\/www.sumpizmir.org\/tr\/2025\/01\/15\/14-birimler-arasi-calisma-grubu-bacg\/","title":{"rendered":"14. Birimler Aras\u0131 \u00c7al\u0131\u015fma Grubu (BA\u00c7G)"},"content":{"rendered":"<div class=\"x_elementToProof\" data-olk-copy-source=\"MessageBody\">SKUp \u0130zmir Projesinin 14. Birimler Aras\u0131 \u00c7al\u0131\u015fma Grubu (BA\u00c7G) Toplant\u0131s\u0131, \u0130zmir B\u00fcy\u00fck\u015fehir Belediyesinin ilgili birimleri ve i\u015ftirakleri ile ilgili il\u00e7e belediyelerinden uzmanlar\u0131n kat\u0131l\u0131m\u0131yla ger\u00e7ekle\u015ftirildi. Toplant\u0131, SKUp \u0130zmir Projesi Tak\u0131m Lideri Prof. Dr. Ela Babal\u0131k ve Anahtar Uzman Dr. Susanne B\u00f6hler taraf\u0131ndan y\u00fcr\u00fct\u00fcld\u00fc.\u00a0Toplant\u0131da proje ilerlemesi, nihai tedbirler listesinin kapsad\u0131\u011f\u0131 tedbirlerin uygulama alanlar\u0131n\u0131 belirten haritalar ve 3. Payda\u015f Kat\u0131l\u0131m \u00c7al\u0131\u015ftay\u0131\u2019n\u0131n sonu\u00e7lar\u0131 sunuldu.\u00a0\u00a0Kat\u0131l\u0131mc\u0131lar\u0131n y\u00f6neltti\u011fi de\u011ferli sorular ve geri bildirimlerin al\u0131nmas\u0131na y\u00f6nelik bir oturumla toplant\u0131 sonu\u00e7land\u0131r\u0131ld\u0131. Toplant\u0131 \u00e7\u0131kt\u0131lar\u0131, projenin ilerleyen faaliyetlerinde dikkate al\u0131nmas\u0131 a\u00e7\u0131s\u0131ndan kaydedildi.<\/div>\n","protected":false},"excerpt":{"rendered":"<p>SKUp \u0130zmir Projesinin 14. Birimler Aras\u0131 \u00c7al\u0131\u015fma Grubu (BA\u00c7G) Toplant\u0131s\u0131, \u0130zmir B\u00fcy\u00fck\u015fehir Belediyesinin ilgili birimleri ve i\u015ftirakleri ile ilgili il\u00e7e belediyelerinden uzmanlar\u0131n kat\u0131l\u0131m\u0131yla ger\u00e7ekle\u015ftirildi. Toplant\u0131, SKUp \u0130zmir Projesi Tak\u0131m Lideri Prof. Dr. Ela Babal\u0131k ve Anahtar Uzman Dr. Susanne B\u00f6hler taraf\u0131ndan y\u00fcr\u00fct\u00fcld\u00fc.\u00a0Toplant\u0131da proje ilerlemesi, nihai tedbirler listesinin kapsad\u0131\u011f\u0131 tedbirlerin uygulama alanlar\u0131n\u0131 belirten haritalar ve 3. Payda\u015f Kat\u0131l\u0131m \u00c7al\u0131\u015ftay\u0131\u2019n\u0131n sonu\u00e7lar\u0131 sunuldu.\u00a0\u00a0Kat\u0131l\u0131mc\u0131lar\u0131n y\u00f6neltti\u011fi de\u011ferli sorular ve geri bildirimlerin al\u0131nmas\u0131na y\u00f6nelik bir oturumla[&hellip;]<\/p>\n","protected":false},"author":2,"featured_media":1575,"comment_status":"closed","ping_status":"open","sticky":false,"template":"","format":"standard","meta":{"_acf_changed":false,"footnotes":""},"categories":[1],"tags":[],"class_list":["post-1571","post","type-post","status-publish","format-standard","has-post-thumbnail","hentry","category-skup-izmir"],"acf":[],"_links":{"self":[{"href":"https:\/\/www.sumpizmir.org\/tr\/wp-json\/wp\/v2\/posts\/1571","targetHints":{"allow":["GET"]}}],"collection":[{"href":"https:\/\/www.sumpizmir.org\/tr\/wp-json\/wp\/v2\/posts"}],"about":[{"href":"https:\/\/www.sumpizmir.org\/tr\/wp-json\/wp\/v2\/types\/post"}],"author":[{"embeddable":true,"href":"https:\/\/www.sumpizmir.org\/tr\/wp-json\/wp\/v2\/users\/2"}],"replies":[{"embeddable":true,"href":"https:\/\/www.sumpizmir.org\/tr\/wp-json\/wp\/v2\/comments?post=1571"}],"version-history":[{"count":1,"href":"https:\/\/www.sumpizmir.org\/tr\/wp-json\/wp\/v2\/posts\/1571\/revisions"}],"predecessor-version":[{"id":1574,"href":"https:\/\/www.sumpizmir.org\/tr\/wp-json\/wp\/v2\/posts\/1571\/revisions\/1574"}],"wp:featuredmedia":[{"embeddable":true,"href":"https:\/\/www.sumpizmir.org\/tr\/wp-json\/wp\/v2\/media\/1575"}],"wp:attachment":[{"href":"https:\/\/www.sumpizmir.org\/tr\/wp-json\/wp\/v2\/media?parent=1571"}],"wp:term":[{"taxonomy":"category","embeddable":true,"href":"https:\/\/www.sumpizmir.org\/tr\/wp-json\/wp\/v2\/categories?post=1571"},{"taxonomy":"post_tag","embeddable":true,"href":"https:\/\/www.sumpizmir.org\/tr\/wp-json\/wp\/v2\/tags?post=1571"}],"curies":[{"name":"wp","href":"https:\/\/api.w.org\/{rel}","templated":true}]}}