{"id":1528,"date":"2023-06-19T17:17:36","date_gmt":"2023-06-19T14:17:36","guid":{"rendered":"https:\/\/www.sumpizmir.org\/tr\/2023\/06\/19\/izmirin-gelecegi-icin-sump-izmir-sokakta\/"},"modified":"2025-01-10T14:56:03","modified_gmt":"2025-01-10T11:56:03","slug":"sump-izmir-on-the-street-for-the-future-of-izmir","status":"publish","type":"post","link":"https:\/\/www.sumpizmir.org\/tr\/2023\/06\/19\/sump-izmir-on-the-street-for-the-future-of-izmir\/?lang=en","title":{"rendered":"&#8220;SUMP Izmir on the Street&#8221; for the Future of Izmir"},"content":{"rendered":"<p>Izmir Metropolitan Municipality addresses the future of Izmir with citizens for sustainable transportation with a participatory democracy approach. On June 20 &#8211; 23, citizen forums will be organized in Buca and Kar\u015f\u0131yaka with the slogan &#8220;SUMP Izmir on the Street&#8221;. A series of awareness-raising events will be held in K\u00fclt\u00fcrpark.<\/p>\n<p>The Izmir Sustainable Urban Mobility Plan (EU Support to Izmir Sustainable Urban Mobility Plan-SUMP Izmir) project, which is carried out by Izmir Metropolitan Municipality with the European Union (EU), is reaching out to the streets for the active participation of citizens in sustainable transportation. Izmir Metropolitan Municipality Department of Transportation will organize events with the slogan &#8220;SUMP Izmir on the Street&#8221; between June 20 &#8211; 23. During the activities, ideas will be shared on how the future of Izmir will be shaped by the work to be done to create a sustainable transportation system.<\/p>\n<p><img decoding=\"async\" class=\"aligncenter size-medium wp-image-1265\" src=\"http:\/\/www.sumpizmir.org\/tr\/wp-content\/uploads\/2024\/04\/19062023_10441_0-300x300.jpg\" alt=\"\" width=\"300\" height=\"300\" srcset=\"https:\/\/www.sumpizmir.org\/tr\/wp-content\/uploads\/2024\/04\/19062023_10441_0-300x300.jpg 300w, https:\/\/www.sumpizmir.org\/tr\/wp-content\/uploads\/2024\/04\/19062023_10441_0-1024x1024.jpg 1024w, https:\/\/www.sumpizmir.org\/tr\/wp-content\/uploads\/2024\/04\/19062023_10441_0-150x150.jpg 150w, https:\/\/www.sumpizmir.org\/tr\/wp-content\/uploads\/2024\/04\/19062023_10441_0-768x768.jpg 768w, https:\/\/www.sumpizmir.org\/tr\/wp-content\/uploads\/2024\/04\/19062023_10441_0-770x770.jpg 770w, https:\/\/www.sumpizmir.org\/tr\/wp-content\/uploads\/2024\/04\/19062023_10441_0.jpg 1080w\" sizes=\"(max-width: 300px) 100vw, 300px\" \/><\/p>\n<p><strong>Citizen forums in Buca and Kar\u015f\u0131yaka<\/strong><br \/>\nThe first of the forums, in which all citizens can participate, will be held on Tuesday, June 20 in Buca Hasana\u011fa Park. The Kar\u015f\u0131yaka Citizen Forum will be held on Wednesday, June 21 between 14.00-20.00 at the square where Kar\u015f\u0131yaka Atat\u00fcrk Monument is located.<\/p>\n<p><strong>Awareness activities for sustainable transportation in K\u00fclt\u00fcrpark<\/strong><br \/>\nWithin the scope of &#8220;SUMP Izmir on the Street&#8221; events, a series of awareness activities will be organized in K\u00fclt\u00fcrpark from June 19 to June 23. In order to increase the visibility of the project, an awareness and moral work will be held in K\u00fclt\u00fcrpark on Thursday, June 22 with the participation of famous social media influencers, travel writers and content creators. Within the scope of the awareness-raising study, there will be a study on the area occupied by bus-automobile-bicycle-scooter-pedestrian transportation modes in traffic and how much traffic and emissions will decrease if sustainable transportation modes are chosen for urban trips. Within the scope of the events, many activities such as floor painting and bicycle painting will be organized in K\u00fclt\u00fcrpark.<\/p>\n","protected":false},"excerpt":{"rendered":"<p>Izmir Metropolitan Municipality addresses the future of Izmir with citizens for sustainable transportation with a participatory democracy approach. On June 20 &#8211; 23, citizen forums will be organized in Buca and Kar\u015f\u0131yaka with the slogan &#8220;SUMP Izmir on the Street&#8221;. A series of awareness-raising events will be held in K\u00fclt\u00fcrpark. The Izmir Sustainable Urban Mobility Plan (EU Support to Izmir Sustainable Urban Mobility Plan-SUMP Izmir) project, which is carried out[&hellip;]<\/p>\n","protected":false},"author":1,"featured_media":1264,"comment_status":"closed","ping_status":"open","sticky":false,"template":"","format":"standard","meta":{"_acf_changed":false,"footnotes":""},"categories":[16],"tags":[],"class_list":["post-1528","post","type-post","status-publish","format-standard","has-post-thumbnail","hentry","category-sump-izmir"],"acf":[],"_links":{"self":[{"href":"https:\/\/www.sumpizmir.org\/tr\/wp-json\/wp\/v2\/posts\/1528","targetHints":{"allow":["GET"]}}],"collection":[{"href":"https:\/\/www.sumpizmir.org\/tr\/wp-json\/wp\/v2\/posts"}],"about":[{"href":"https:\/\/www.sumpizmir.org\/tr\/wp-json\/wp\/v2\/types\/post"}],"author":[{"embeddable":true,"href":"https:\/\/www.sumpizmir.org\/tr\/wp-json\/wp\/v2\/users\/1"}],"replies":[{"embeddable":true,"href":"https:\/\/www.sumpizmir.org\/tr\/wp-json\/wp\/v2\/comments?post=1528"}],"version-history":[{"count":1,"href":"https:\/\/www.sumpizmir.org\/tr\/wp-json\/wp\/v2\/posts\/1528\/revisions"}],"predecessor-version":[{"id":1529,"href":"https:\/\/www.sumpizmir.org\/tr\/wp-json\/wp\/v2\/posts\/1528\/revisions\/1529"}],"wp:featuredmedia":[{"embeddable":true,"href":"https:\/\/www.sumpizmir.org\/tr\/wp-json\/wp\/v2\/media\/1264"}],"wp:attachment":[{"href":"https:\/\/www.sumpizmir.org\/tr\/wp-json\/wp\/v2\/media?parent=1528"}],"wp:term":[{"taxonomy":"category","embeddable":true,"href":"https:\/\/www.sumpizmir.org\/tr\/wp-json\/wp\/v2\/categories?post=1528"},{"taxonomy":"post_tag","embeddable":true,"href":"https:\/\/www.sumpizmir.org\/tr\/wp-json\/wp\/v2\/tags?post=1528"}],"curies":[{"name":"wp","href":"https:\/\/api.w.org\/{rel}","templated":true}]}}