{"id":1517,"date":"2024-02-07T17:24:57","date_gmt":"2024-02-07T14:24:57","guid":{"rendered":"https:\/\/www.sumpizmir.org\/tr\/2024\/02\/07\/bir-metro-hatti-sayesinde-7-750-tasit-trafikten-cekilecek\/"},"modified":"2025-01-10T14:48:28","modified_gmt":"2025-01-10T11:48:28","slug":"bir-metro-hatti-sayesinde-7-750-tasit-trafikten-cekilecek","status":"publish","type":"post","link":"https:\/\/www.sumpizmir.org\/tr\/2024\/02\/07\/bir-metro-hatti-sayesinde-7-750-tasit-trafikten-cekilecek\/?lang=en","title":{"rendered":"7,750 Vehicles to be Withdrawn from Traffic Thanks to One Metro Line"},"content":{"rendered":"<p>After the opening of the \u00c7i\u011fli Tram, Izmir Metropolitan Municipality will open the Narl\u0131dere Metro on February 24. According to prepared report, with the opening of the line that will connect Evka 3 and Narl\u0131dere, approximately 13,500 trips made by private vehicles throughout the city every day will shift to public transportation. 7,750 vehicles will be prevented from entering traffic.<\/p>\n<p>As the only local government to make all metro investments in the city with its own resources, Izmir Metropolitan Municipality is counting the days for the opening of the Narl\u0131dere Metro, which will connect Bornova Evka-3 and Narl\u0131dere. Preparations for the February 24 opening ceremony are in full speed, and it is expected to reduce the number of trips made by private vehicles across the city, especially in Bal\u00e7ova and Narl\u0131dere, once the line is put into service.<\/p>\n<p>&nbsp;<\/p>\n<p><img decoding=\"async\" class=\"aligncenter wp-image-1271 size-large\" src=\"http:\/\/www.sumpizmir.org\/tr\/wp-content\/uploads\/2024\/04\/07022024_10526_5-1024x682.jpg\" alt=\"\" width=\"847\" height=\"564\" srcset=\"https:\/\/www.sumpizmir.org\/tr\/wp-content\/uploads\/2024\/04\/07022024_10526_5-1024x682.jpg 1024w, https:\/\/www.sumpizmir.org\/tr\/wp-content\/uploads\/2024\/04\/07022024_10526_5-300x200.jpg 300w, https:\/\/www.sumpizmir.org\/tr\/wp-content\/uploads\/2024\/04\/07022024_10526_5-768x512.jpg 768w, https:\/\/www.sumpizmir.org\/tr\/wp-content\/uploads\/2024\/04\/07022024_10526_5-1536x1023.jpg 1536w, https:\/\/www.sumpizmir.org\/tr\/wp-content\/uploads\/2024\/04\/07022024_10526_5-770x513.jpg 770w, https:\/\/www.sumpizmir.org\/tr\/wp-content\/uploads\/2024\/04\/07022024_10526_5.jpg 1600w\" sizes=\"(max-width: 847px) 100vw, 847px\" \/><\/p>\n<p><strong>7,750 vehicles are expected to be withdrawn from traffic<\/strong><br \/>\nA survey was conducted in Izmir city center within the scope of <strong>SUMP Izmir Project (Izmir Sustainable Urban Mobility Plan<\/strong>) carried out by Izmir Metropolitan Municipality Department of Transportation. According to the results of the household survey, it was observed that the rate of private car use in Bal\u00e7ova and Narl\u0131dere districts was higher than the city as a whole. This rate was determined as 46.7 percent in Bal\u00e7ova and 58.3 percent in Narl\u0131dere. The opening of the line and its effects were tested in the demand forecasting model made within the scope of the Transportation Master Plan. According to the analysis, with the opening of the metro line between Fahrettin Altay and Narl\u0131dere, it is estimated that approximately 13,500 daily trips made by private vehicles in the city will shift to public transportation, thus reducing the daily traffic load of approximately 7,750 vehicles. This relief in traffic will largely be seen in Narl\u0131dere and Bal\u00e7ova, but will also have an impact on traffic in the city as a whole. In addition, it is planned that passengers will be able to park their vehicles and transfer thanks to the parking lot with a capacity of 219 vehicles built at Bal\u00e7ova and Kaymakaml\u0131k stops.<\/p>\n<p>&nbsp;<\/p>\n<p><img decoding=\"async\" class=\"aligncenter wp-image-1272 size-large\" src=\"http:\/\/www.sumpizmir.org\/tr\/wp-content\/uploads\/2024\/04\/07022024_10526_10-1024x682.jpg\" alt=\"\" width=\"847\" height=\"564\" srcset=\"https:\/\/www.sumpizmir.org\/tr\/wp-content\/uploads\/2024\/04\/07022024_10526_10-1024x682.jpg 1024w, https:\/\/www.sumpizmir.org\/tr\/wp-content\/uploads\/2024\/04\/07022024_10526_10-300x200.jpg 300w, https:\/\/www.sumpizmir.org\/tr\/wp-content\/uploads\/2024\/04\/07022024_10526_10-768x512.jpg 768w, https:\/\/www.sumpizmir.org\/tr\/wp-content\/uploads\/2024\/04\/07022024_10526_10-1536x1023.jpg 1536w, https:\/\/www.sumpizmir.org\/tr\/wp-content\/uploads\/2024\/04\/07022024_10526_10-770x513.jpg 770w, https:\/\/www.sumpizmir.org\/tr\/wp-content\/uploads\/2024\/04\/07022024_10526_10.jpg 1600w\" sizes=\"(max-width: 847px) 100vw, 847px\" \/><\/p>\n<p><strong>170,000 daily passengers<\/strong><br \/>\nStarting from Evka-3 and ending at Fahrettin Altay, the line will include Bal\u00e7ova, \u00c7a\u011fda\u015f, Dokuz Eyl\u00fcl \u00dcniversitesi Hastanesi, G\u00fczel Sanatlar, Narl\u0131dere, \u015eehitlik and Kaymakaml\u0131k stations, respectively. Tunneling and track laying works have been completed. A total of 14.5 kilometers of tunnels were opened. Electromechanical works are ongoing along the line and at the stations. The daily average number of passengers is expected to be 170,000 when the line is opened.<\/p>\n<p><strong>\u20ac285 million investment<\/strong><br \/>\nIzmir Light Rail System 4th Stage F. Altay-Narl\u0131dere Kaymakaml\u0131k Construction Work was delivered to the contractor on June 4, 2018 with a contract price of \u20ac252 million. \u00a0 This cost reached 285 million Euros with the increase in exploration. With the completion of the line, a total of 27 kilometers of uninterrupted rail transportation service will be provided between Bornova district in the north of Izmir and Narl\u0131dere district in the south. Izmir residents will have safe, comfortable, environmentally friendly and economical rail transportation and will save time. Passengers boarding at one end will reach the other end in 45 minutes. The length of the highway between the two ends is approximately 47 kilometers.<\/p>\n","protected":false},"excerpt":{"rendered":"<p>After the opening of the \u00c7i\u011fli Tram, Izmir Metropolitan Municipality will open the Narl\u0131dere Metro on February 24. According to prepared report, with the opening of the line that will connect Evka 3 and Narl\u0131dere, approximately 13,500 trips made by private vehicles throughout the city every day will shift to public transportation. 7,750 vehicles will be prevented from entering traffic. As the only local government to make all metro investments[&hellip;]<\/p>\n","protected":false},"author":1,"featured_media":1273,"comment_status":"closed","ping_status":"open","sticky":false,"template":"","format":"standard","meta":{"_acf_changed":false,"footnotes":""},"categories":[16],"tags":[],"class_list":["post-1517","post","type-post","status-publish","format-standard","has-post-thumbnail","hentry","category-sump-izmir"],"acf":[],"_links":{"self":[{"href":"https:\/\/www.sumpizmir.org\/tr\/wp-json\/wp\/v2\/posts\/1517","targetHints":{"allow":["GET"]}}],"collection":[{"href":"https:\/\/www.sumpizmir.org\/tr\/wp-json\/wp\/v2\/posts"}],"about":[{"href":"https:\/\/www.sumpizmir.org\/tr\/wp-json\/wp\/v2\/types\/post"}],"author":[{"embeddable":true,"href":"https:\/\/www.sumpizmir.org\/tr\/wp-json\/wp\/v2\/users\/1"}],"replies":[{"embeddable":true,"href":"https:\/\/www.sumpizmir.org\/tr\/wp-json\/wp\/v2\/comments?post=1517"}],"version-history":[{"count":1,"href":"https:\/\/www.sumpizmir.org\/tr\/wp-json\/wp\/v2\/posts\/1517\/revisions"}],"predecessor-version":[{"id":1518,"href":"https:\/\/www.sumpizmir.org\/tr\/wp-json\/wp\/v2\/posts\/1517\/revisions\/1518"}],"wp:featuredmedia":[{"embeddable":true,"href":"https:\/\/www.sumpizmir.org\/tr\/wp-json\/wp\/v2\/media\/1273"}],"wp:attachment":[{"href":"https:\/\/www.sumpizmir.org\/tr\/wp-json\/wp\/v2\/media?parent=1517"}],"wp:term":[{"taxonomy":"category","embeddable":true,"href":"https:\/\/www.sumpizmir.org\/tr\/wp-json\/wp\/v2\/categories?post=1517"},{"taxonomy":"post_tag","embeddable":true,"href":"https:\/\/www.sumpizmir.org\/tr\/wp-json\/wp\/v2\/tags?post=1517"}],"curies":[{"name":"wp","href":"https:\/\/api.w.org\/{rel}","templated":true}]}}