{"id":1394,"date":"2024-12-17T12:58:37","date_gmt":"2024-12-17T09:58:37","guid":{"rendered":"https:\/\/www.sumpizmir.org\/tr\/?p=1394"},"modified":"2024-12-20T13:05:05","modified_gmt":"2024-12-20T10:05:05","slug":"trafik-guvenligi-egitimi","status":"publish","type":"post","link":"https:\/\/www.sumpizmir.org\/tr\/2024\/12\/17\/trafik-guvenligi-egitimi\/","title":{"rendered":"Trafik G\u00fcvenli\u011fi E\u011fitimi"},"content":{"rendered":"<div>\n<p><i data-olk-copy-source=\"MailCompose\">SKUp \u0130zmir Projesi kapsam\u0131nda d\u00fczenlenen ve \u00fc\u00e7 g\u00fcn s\u00fcren Yol G\u00fcvenli\u011fi E\u011fitimi \u0130zmir B\u00fcy\u00fck\u015fehir Belediyesinin ilgili birimleri ve i\u015ftirakleri ile ilgili il\u00e7e belediyelerinden uzmanlar\u0131n kat\u0131l\u0131m\u0131yla tamamland\u0131. E\u011fitimin birinci g\u00fcn\u00fc \u201cKentsel Yol G\u00fcvenli\u011fi E\u011fitimi\u201d ba\u015fl\u0131\u011f\u0131yla Gazi \u00dcniversitesi M\u00fchendislik Mimarl\u0131k Fak\u00fcltesi \u0130n\u015faat M\u00fchendisli\u011fi B\u00f6l\u00fcm\u00fc\u2019nden Do\u00e7. Dr. Ebru Ar\u0131kan \u00d6zt\u00fcrk taraf\u0131ndan verildi. Yol g\u00fcvenli\u011fi, h\u0131z y\u00f6netimi ve g\u00fcvenli yaya hareketlili\u011finin kapsaml\u0131 bir \u015fekilde ele al\u0131nd\u0131\u011f\u0131 birinci g\u00fcn oturumlar\u0131 \u0130zmir odakl\u0131 bir at\u00f6lye \u00e7al\u0131\u015fmas\u0131yla sonu\u00e7land\u0131r\u0131ld\u0131. E\u011fitimin ikinci ve \u00fc\u00e7\u00fcnc\u00fc g\u00fcnleri Hollanda merkezli bir dan\u0131\u015fmanl\u0131k \u015firketi olan November:city&#8217;nin direkt\u00f6r\u00fc ve CEO\u2019su, planlama ve s\u00fcrd\u00fcr\u00fclebilir hareketlilik \u00e7al\u0131\u015fmalar\u0131 uzman\u0131 Elke Schimmel taraf\u0131ndan verildi. Ba\u015fl\u0131ca yol g\u00fcvenli\u011fi stratejilerine uluslararas\u0131 \u00f6rnekler, Vizyon S\u0131f\u0131r ilkesi, farkl\u0131 yol kullan\u0131c\u0131lar\u0131n\u0131n trafikteki g\u00fcvenlik gereksinimleri ve kritik unsurlar ele al\u0131nd\u0131. E\u011fitimin ikinci ve \u00fc\u00e7\u00fcnc\u00fc g\u00fcn\u00fc etkile\u015fimli at\u00f6lye \u00e7al\u0131\u015fmalar\u0131yla sonu\u00e7land\u0131r\u0131ld\u0131.<\/i><\/p>\n<\/div>\n<p>&nbsp;<\/p>\n","protected":false},"excerpt":{"rendered":"<p>SKUp \u0130zmir Projesi kapsam\u0131nda d\u00fczenlenen ve \u00fc\u00e7 g\u00fcn s\u00fcren Yol G\u00fcvenli\u011fi E\u011fitimi \u0130zmir B\u00fcy\u00fck\u015fehir Belediyesinin ilgili birimleri ve i\u015ftirakleri ile ilgili il\u00e7e belediyelerinden uzmanlar\u0131n kat\u0131l\u0131m\u0131yla tamamland\u0131. E\u011fitimin birinci g\u00fcn\u00fc \u201cKentsel Yol G\u00fcvenli\u011fi E\u011fitimi\u201d ba\u015fl\u0131\u011f\u0131yla Gazi \u00dcniversitesi M\u00fchendislik Mimarl\u0131k Fak\u00fcltesi \u0130n\u015faat M\u00fchendisli\u011fi B\u00f6l\u00fcm\u00fc\u2019nden Do\u00e7. Dr. Ebru Ar\u0131kan \u00d6zt\u00fcrk taraf\u0131ndan verildi. Yol g\u00fcvenli\u011fi, h\u0131z y\u00f6netimi ve g\u00fcvenli yaya hareketlili\u011finin kapsaml\u0131 bir \u015fekilde ele al\u0131nd\u0131\u011f\u0131 birinci g\u00fcn oturumlar\u0131 \u0130zmir odakl\u0131 bir at\u00f6lye \u00e7al\u0131\u015fmas\u0131yla[&hellip;]<\/p>\n","protected":false},"author":2,"featured_media":1395,"comment_status":"closed","ping_status":"open","sticky":false,"template":"","format":"standard","meta":{"_acf_changed":false,"footnotes":""},"categories":[1],"tags":[],"class_list":["post-1394","post","type-post","status-publish","format-standard","has-post-thumbnail","hentry","category-skup-izmir"],"acf":[],"_links":{"self":[{"href":"https:\/\/www.sumpizmir.org\/tr\/wp-json\/wp\/v2\/posts\/1394","targetHints":{"allow":["GET"]}}],"collection":[{"href":"https:\/\/www.sumpizmir.org\/tr\/wp-json\/wp\/v2\/posts"}],"about":[{"href":"https:\/\/www.sumpizmir.org\/tr\/wp-json\/wp\/v2\/types\/post"}],"author":[{"embeddable":true,"href":"https:\/\/www.sumpizmir.org\/tr\/wp-json\/wp\/v2\/users\/2"}],"replies":[{"embeddable":true,"href":"https:\/\/www.sumpizmir.org\/tr\/wp-json\/wp\/v2\/comments?post=1394"}],"version-history":[{"count":1,"href":"https:\/\/www.sumpizmir.org\/tr\/wp-json\/wp\/v2\/posts\/1394\/revisions"}],"predecessor-version":[{"id":1397,"href":"https:\/\/www.sumpizmir.org\/tr\/wp-json\/wp\/v2\/posts\/1394\/revisions\/1397"}],"wp:featuredmedia":[{"embeddable":true,"href":"https:\/\/www.sumpizmir.org\/tr\/wp-json\/wp\/v2\/media\/1395"}],"wp:attachment":[{"href":"https:\/\/www.sumpizmir.org\/tr\/wp-json\/wp\/v2\/media?parent=1394"}],"wp:term":[{"taxonomy":"category","embeddable":true,"href":"https:\/\/www.sumpizmir.org\/tr\/wp-json\/wp\/v2\/categories?post=1394"},{"taxonomy":"post_tag","embeddable":true,"href":"https:\/\/www.sumpizmir.org\/tr\/wp-json\/wp\/v2\/tags?post=1394"}],"curies":[{"name":"wp","href":"https:\/\/api.w.org\/{rel}","templated":true}]}}