{"id":1174,"date":"2024-12-13T11:15:28","date_gmt":"2024-12-13T08:15:28","guid":{"rendered":"https:\/\/www.sumpizmir.org\/tr\/?p=1174"},"modified":"2024-12-19T11:17:53","modified_gmt":"2024-12-19T08:17:53","slug":"9-proje-izleme-komitesi-toplantisi","status":"publish","type":"post","link":"https:\/\/www.sumpizmir.org\/tr\/2024\/12\/13\/9-proje-izleme-komitesi-toplantisi\/","title":{"rendered":"9. Proje \u0130zleme Komitesi Toplant\u0131s\u0131"},"content":{"rendered":"<p><span data-olk-copy-source=\"MessageBody\">SKUp \u0130zmir Projesi Proje \u0130zleme Komitesi Toplant\u0131s\u0131, \u0130zmir B\u00fcy\u00fck\u015fehir Belediyesi Genel Sekreter Yard\u0131mc\u0131s\u0131 Zeki Y\u0131ld\u0131r\u0131m, \u0130zmir B\u00fcy\u00fck\u015fehir Belediyesi Ba\u015fkan Dan\u0131\u015fman\u0131 Prof. Dr. Yal\u00e7\u0131n Alver, \u0130zmir B\u00fcy\u00fck\u015fehir Belediyesi Ula\u015f\u0131m Dairesi Ba\u015fkan\u0131 Dr. Tolga \u00c7ilingir, \u0130zmir B\u00fcy\u00fck\u015fehir Belediyesi SKUp \u0130zmir Projesi teknik koordinasyon ekibi, Ula\u015ft\u0131rma ve Altyap\u0131 Bakanl\u0131\u011f\u0131 AB Yat\u0131r\u0131mlar\u0131 Dairesi Ba\u015fkan\u0131 Dr. Tijen \u0130\u011fci, AB T\u00fcrkiye Delegasyonu Ula\u015ft\u0131rma Sekt\u00f6r Y\u00f6neticisi Dr. G\u00f6ktu\u011f Kara, Ula\u015ft\u0131rma ve Altyap\u0131 Bakanl\u0131\u011f\u0131 temsilcileri, Konsorsiyum Lideri Panteia firmas\u0131 Direkt\u00f6r\u00fc Menno Menist ve Konsorsiyum ortaklar\u0131n\u0131n temsilcilerinin kat\u0131l\u0131m\u0131yla ger\u00e7ekle\u015fti. Toplant\u0131da faaliyetlerin mevcut durumu sunuldu ve sonu\u00e7land\u0131rmaya y\u00f6nelik stratejiler tart\u0131\u015f\u0131ld\u0131.<\/span><\/p>\n","protected":false},"excerpt":{"rendered":"<p>SKUp \u0130zmir Projesi Proje \u0130zleme Komitesi Toplant\u0131s\u0131, \u0130zmir B\u00fcy\u00fck\u015fehir Belediyesi Genel Sekreter Yard\u0131mc\u0131s\u0131 Zeki Y\u0131ld\u0131r\u0131m, \u0130zmir B\u00fcy\u00fck\u015fehir Belediyesi Ba\u015fkan Dan\u0131\u015fman\u0131 Prof. Dr. Yal\u00e7\u0131n Alver, \u0130zmir B\u00fcy\u00fck\u015fehir Belediyesi Ula\u015f\u0131m Dairesi Ba\u015fkan\u0131 Dr. Tolga \u00c7ilingir, \u0130zmir B\u00fcy\u00fck\u015fehir Belediyesi SKUp \u0130zmir Projesi teknik koordinasyon ekibi, Ula\u015ft\u0131rma ve Altyap\u0131 Bakanl\u0131\u011f\u0131 AB Yat\u0131r\u0131mlar\u0131 Dairesi Ba\u015fkan\u0131 Dr. Tijen \u0130\u011fci, AB T\u00fcrkiye Delegasyonu Ula\u015ft\u0131rma Sekt\u00f6r Y\u00f6neticisi Dr. G\u00f6ktu\u011f Kara, Ula\u015ft\u0131rma ve Altyap\u0131 Bakanl\u0131\u011f\u0131 temsilcileri, Konsorsiyum Lideri Panteia[&hellip;]<\/p>\n","protected":false},"author":2,"featured_media":1175,"comment_status":"closed","ping_status":"open","sticky":false,"template":"","format":"standard","meta":{"_acf_changed":false,"footnotes":""},"categories":[1],"tags":[],"class_list":["post-1174","post","type-post","status-publish","format-standard","has-post-thumbnail","hentry","category-skup-izmir"],"acf":[],"_links":{"self":[{"href":"https:\/\/www.sumpizmir.org\/tr\/wp-json\/wp\/v2\/posts\/1174","targetHints":{"allow":["GET"]}}],"collection":[{"href":"https:\/\/www.sumpizmir.org\/tr\/wp-json\/wp\/v2\/posts"}],"about":[{"href":"https:\/\/www.sumpizmir.org\/tr\/wp-json\/wp\/v2\/types\/post"}],"author":[{"embeddable":true,"href":"https:\/\/www.sumpizmir.org\/tr\/wp-json\/wp\/v2\/users\/2"}],"replies":[{"embeddable":true,"href":"https:\/\/www.sumpizmir.org\/tr\/wp-json\/wp\/v2\/comments?post=1174"}],"version-history":[{"count":1,"href":"https:\/\/www.sumpizmir.org\/tr\/wp-json\/wp\/v2\/posts\/1174\/revisions"}],"predecessor-version":[{"id":1176,"href":"https:\/\/www.sumpizmir.org\/tr\/wp-json\/wp\/v2\/posts\/1174\/revisions\/1176"}],"wp:featuredmedia":[{"embeddable":true,"href":"https:\/\/www.sumpizmir.org\/tr\/wp-json\/wp\/v2\/media\/1175"}],"wp:attachment":[{"href":"https:\/\/www.sumpizmir.org\/tr\/wp-json\/wp\/v2\/media?parent=1174"}],"wp:term":[{"taxonomy":"category","embeddable":true,"href":"https:\/\/www.sumpizmir.org\/tr\/wp-json\/wp\/v2\/categories?post=1174"},{"taxonomy":"post_tag","embeddable":true,"href":"https:\/\/www.sumpizmir.org\/tr\/wp-json\/wp\/v2\/tags?post=1174"}],"curies":[{"name":"wp","href":"https:\/\/api.w.org\/{rel}","templated":true}]}}