{"id":1122,"date":"2024-08-27T14:19:56","date_gmt":"2024-08-27T11:19:56","guid":{"rendered":"https:\/\/www.sumpizmir.org\/tr\/?p=1122"},"modified":"2024-09-10T14:26:12","modified_gmt":"2024-09-10T11:26:12","slug":"proje-izleme-komitesi-toplantisi-2","status":"publish","type":"post","link":"https:\/\/www.sumpizmir.org\/tr\/2024\/08\/27\/proje-izleme-komitesi-toplantisi-2\/","title":{"rendered":"Proje \u0130zleme Komitesi Toplant\u0131s\u0131"},"content":{"rendered":"<blockquote>\n<div dir=\"ltr\">\n<div>\n<blockquote>\n<div dir=\"ltr\">\n<div dir=\"ltr\">\n<div>\u0130zmir S\u00fcrd\u00fcr\u00fclebilir Kentsel Ula\u015f\u0131m Plan\u0131 (SKUp \u0130zmir) kapsam\u0131nda d\u00fczenli aral\u0131klarla ger\u00e7ekle\u015ftirilen Proje \u0130zleme Komitesi Toplant\u0131s\u0131 27 A\u011fustos 2024 tarihinde \u0130zmir \u0130zQ Giri\u015fimcilik Merkezi&#8217;nde d\u00fczenlendi. Sekizincisi d\u00fczenlenen Proje \u0130zleme Komitesi Toplant\u0131s\u0131 proje takvimine, hedeflerine ve s\u00f6zle\u015fme gerekliliklerine uygun ilerlemenin izlenmesi ve gelecek d\u00f6nemin y\u00f6nlendirilmesi amac\u0131yla ger\u00e7ekle\u015ftirildi.<\/p>\n<p>Toplant\u0131ya, Nihai Faydalanc\u0131\u2019y\u0131 temsilen, \u0130zmir B\u00fcy\u00fck\u015fehir Belediyesi Ba\u015fkan Dan\u0131\u015fman\u0131 Do\u00e7. Dr. Yal\u00e7\u0131n Alver, Ula\u015f\u0131m Dairesi Ba\u015fkan\u0131 Dr. Tolga \u00c7ilingir, \u0130zmir B\u00fcy\u00fck\u015fehir Belediyesi SKUp \u0130zmir Projesi teknik koordinasyon ekibi, S\u00f6zle\u015fme Makam\u0131 ad\u0131na Ula\u015ft\u0131rma ve Altyap\u0131 Bakanl\u0131\u011f\u0131 AB Yat\u0131r\u0131mlar\u0131 Dairesi Ba\u015fkan\u0131 Dr. Tijen \u0130\u011fci, AB Delegasyonu\u2019nu temsilen Ula\u015ft\u0131rma Sekt\u00f6r Y\u00f6neticisi Dr. G\u00f6ktu\u011f Kara, Ula\u015ft\u0131rma ve Altyap\u0131 Bakanl\u0131\u011f\u0131 temsilcileri, Konsorsiyum Lideri Panteia firmas\u0131 Direkt\u00f6r\u00fc Menno Menist ve Konsorsiyum ortaklar\u0131n\u0131n temsilcileri kat\u0131l\u0131m sa\u011flad\u0131.<\/p><\/div>\n<\/div>\n<\/div>\n<\/blockquote>\n<\/div>\n<\/div>\n<\/blockquote>\n<div><\/div>\n<div aria-hidden=\"true\"><\/div>\n<blockquote>\n<div dir=\"ltr\">\n<div>\n<blockquote>\n<div dir=\"ltr\">\n<div dir=\"ltr\">\n<div>Toplant\u0131da projenin gelecek a\u015famalar\u0131na ili\u015fkin proje takvimi ve faaliyet planlamalar\u0131,\u00a02. Payda\u015f Kat\u0131l\u0131m \u00c7al\u0131\u015ftay\u0131 ve 2024 Avrupa Hareketlilik Haftas\u0131\u00a0g\u00f6r\u00fc\u015f\u00fcld\u00fc. \u0130zmir B\u00fcy\u00fck\u015fehir Belediyesi, Avrupa Birli\u011fi Delegasyonu ve S\u00f6zle\u015fme Makam\u0131, son d\u00f6nemde ger\u00e7ekle\u015fen \u00e7al\u0131\u015fmalar\u0131n yan\u0131 s\u0131ra SKUp \u0130zmir Projesi Tak\u0131m Lideri Prof. Dr. Ela Babal\u0131k\u2019\u0131n destekleri ve \u00e7al\u0131\u015fmalar\u0131ndan duyduklar\u0131 memnuniyeti dile getirdiler.<\/div>\n<\/div>\n<\/div>\n<\/blockquote>\n<\/div>\n<\/div>\n<\/blockquote>\n","protected":false},"excerpt":{"rendered":"<p>\u0130zmir S\u00fcrd\u00fcr\u00fclebilir Kentsel Ula\u015f\u0131m Plan\u0131 (SKUp \u0130zmir) kapsam\u0131nda d\u00fczenli aral\u0131klarla ger\u00e7ekle\u015ftirilen Proje \u0130zleme Komitesi Toplant\u0131s\u0131 27 A\u011fustos 2024 tarihinde \u0130zmir \u0130zQ Giri\u015fimcilik Merkezi&#8217;nde d\u00fczenlendi. Sekizincisi d\u00fczenlenen Proje \u0130zleme Komitesi Toplant\u0131s\u0131 proje takvimine, hedeflerine ve s\u00f6zle\u015fme gerekliliklerine uygun ilerlemenin izlenmesi ve gelecek d\u00f6nemin y\u00f6nlendirilmesi amac\u0131yla ger\u00e7ekle\u015ftirildi. Toplant\u0131ya, Nihai Faydalanc\u0131\u2019y\u0131 temsilen, \u0130zmir B\u00fcy\u00fck\u015fehir Belediyesi Ba\u015fkan Dan\u0131\u015fman\u0131 Do\u00e7. Dr. Yal\u00e7\u0131n Alver, Ula\u015f\u0131m Dairesi Ba\u015fkan\u0131 Dr. Tolga \u00c7ilingir, \u0130zmir B\u00fcy\u00fck\u015fehir Belediyesi SKUp \u0130zmir Projesi[&hellip;]<\/p>\n","protected":false},"author":2,"featured_media":1123,"comment_status":"closed","ping_status":"open","sticky":false,"template":"","format":"standard","meta":{"_acf_changed":false,"footnotes":""},"categories":[1],"tags":[],"class_list":["post-1122","post","type-post","status-publish","format-standard","has-post-thumbnail","hentry","category-skup-izmir"],"acf":[],"_links":{"self":[{"href":"https:\/\/www.sumpizmir.org\/tr\/wp-json\/wp\/v2\/posts\/1122","targetHints":{"allow":["GET"]}}],"collection":[{"href":"https:\/\/www.sumpizmir.org\/tr\/wp-json\/wp\/v2\/posts"}],"about":[{"href":"https:\/\/www.sumpizmir.org\/tr\/wp-json\/wp\/v2\/types\/post"}],"author":[{"embeddable":true,"href":"https:\/\/www.sumpizmir.org\/tr\/wp-json\/wp\/v2\/users\/2"}],"replies":[{"embeddable":true,"href":"https:\/\/www.sumpizmir.org\/tr\/wp-json\/wp\/v2\/comments?post=1122"}],"version-history":[{"count":1,"href":"https:\/\/www.sumpizmir.org\/tr\/wp-json\/wp\/v2\/posts\/1122\/revisions"}],"predecessor-version":[{"id":1124,"href":"https:\/\/www.sumpizmir.org\/tr\/wp-json\/wp\/v2\/posts\/1122\/revisions\/1124"}],"wp:featuredmedia":[{"embeddable":true,"href":"https:\/\/www.sumpizmir.org\/tr\/wp-json\/wp\/v2\/media\/1123"}],"wp:attachment":[{"href":"https:\/\/www.sumpizmir.org\/tr\/wp-json\/wp\/v2\/media?parent=1122"}],"wp:term":[{"taxonomy":"category","embeddable":true,"href":"https:\/\/www.sumpizmir.org\/tr\/wp-json\/wp\/v2\/categories?post=1122"},{"taxonomy":"post_tag","embeddable":true,"href":"https:\/\/www.sumpizmir.org\/tr\/wp-json\/wp\/v2\/tags?post=1122"}],"curies":[{"name":"wp","href":"https:\/\/api.w.org\/{rel}","templated":true}]}}